

{"id":145,"date":"2025-07-02T07:19:27","date_gmt":"2025-07-02T05:19:27","guid":{"rendered":"https:\/\/szephalom.plebania.hu\/?p=145"},"modified":"2025-07-02T07:19:27","modified_gmt":"2025-07-02T05:19:27","slug":"hirdetesek-2025-06-29","status":"publish","type":"post","link":"https:\/\/szephalom.plebania.hu\/index.php\/2025\/07\/02\/hirdetesek-2025-06-29\/","title":{"rendered":"Hirdet\u00e9sek, 2025. 06. 29."},"content":{"rendered":"\n<!DOCTYPE html>\n<html>\n<head>\n\t<meta http-equiv=\"content-type\" content=\"text\/html; charset=utf-8\"\/>\n\t<meta name=\"generator\" content=\"LibreOffice 7.4.7.2 (Linux)\"\/>\n\t<meta name=\"author\" content=\"Marica\"\/>\n\t<meta name=\"created\" content=\"2025-06-29T04:52:00\"\/>\n\t<meta name=\"changedby\" content=\"Atya\"\/>\n\t<meta name=\"changed\" content=\"2025-06-29T04:52:00\"\/>\n\t<meta name=\"AppVersion\" content=\"12.0000\"\/>\n\t<meta name=\"Company\" content=\"HUN\"\/>\n\t<meta name=\"ICV\" content=\"E70F3F413A8F4D0D976A7D623EE54C84_13\"\/>\n\t<meta name=\"KSOProductBuildVer\" content=\"1033-12.2.0.13306\"\/>\n\t<style type=\"text\/css\">\n\t\t@page { size: 21cm 29.7cm; margin-left: 1.5cm; margin-right: 1.75cm; margin-top: 1.25cm; margin-bottom: 2.5cm }\n\t\tp { font-size: 12pt; ; text-align: left; orphans: 2; widows: 2; margin-bottom: 0.25cm; direction: ltr; background: transparent }\n\t\th1 { text-align: left; orphans: 2; widows: 2; margin-top: 0cm; margin-bottom: 0cm; direction: ltr; background: transparent; text-decoration: underline; page-break-after: avoid }\n\t\th1.western { font-size: 12pt }\n\t\th1.cjk { font-size: 12pt }\n\t\th1.ctl { font-size: 10pt }\n\t\th2 { color: #4f81bd; text-align: left; page-break-inside: avoid; orphans: 2; widows: 2; margin-top: 0.35cm; margin-bottom: 0cm; direction: ltr; background: transparent; page-break-after: avoid }\n\t\th2.western { font-family: \"Cambria\", serif; font-size: 13pt; font-weight: bold }\n\t\th2.cjk { font-family: ; font-size: 13pt; font-weight: bold }\n\t\th2.ctl { font-family: ; font-size: 13pt; font-weight: bold }\n\t\ta:link { color: #0000ff; text-decoration: underline }\n\t<\/style>\n<\/head>\n<body lang=\"hu-HU\" link=\"#0000ff\" vlink=\"#800000\" dir=\"ltr\">\n\t<!--\n<div title=\"header\"><h1 class=\"western\" align=\"center\"><span style=\"text-decoration: none\"><b>Budapest-Sz\u00e9phalom\n\tJ\u00e9zus Sz\u00edve Pl\u00e9b\u00e1nia<\/b><\/span><\/h1>\n\t<h2 class=\"western\" align=\"center\" style=\"margin-top: 0cm\"><font color=\"#000000\"><font face=\"Times New Roman, serif\"><font size=\"3\" style=\"font-size: 12pt\"><span style=\"font-weight: normal\">1028\n\tBudapest, Kazinczy u.3<\/span><\/font><\/font><\/font><\/h2>\n\t<h2 class=\"western\" align=\"center\" style=\"margin-top: 0cm\"><font color=\"#000000\"><font face=\"Times New Roman, serif\"><font size=\"3\" style=\"font-size: 12pt\">tel:\n\t+3630-214-1407<\/font><\/font><\/font><\/h2>\n\t<h2 class=\"western\" align=\"center\" style=\"margin-top: 0cm\"><font color=\"#000000\"><font face=\"Times New Roman, serif\"><font size=\"3\" style=\"font-size: 12pt\"><span style=\"font-weight: normal\">plebania.iroda@gmail.com<\/span><\/font><\/font><\/font><\/h2>\n\t<p style=\"; margin-bottom: 1.15cm\"><br\/>\n\n\t<\/p>\n<\/div><p style=\"; margin-bottom: 0cm\"><br\/>\n\n<\/p>\n-->\n<p align=\"center\" style=\"; margin-left: 0.64cm; margin-bottom: 0cm\"><a name=\"_Hlk200209139\"><\/a>\n<font color=\"#ff0000\"><font size=\"5\" style=\"font-size: 18pt\"><b>HIRDET\u00c9SEK<\/b><\/font><\/font><\/p>\n<p align=\"center\" style=\"; margin-bottom: 0cm\"><font color=\"#ff0000\"><font size=\"4\" style=\"font-size: 16pt\"><i><b>J\u00fanius\n29.<\/b><\/i><\/font><\/font><\/p>\n<p align=\"center\" style=\"; margin-left: 0.64cm; margin-bottom: 0cm\">\n<font color=\"#ff0000\"><font size=\"4\" style=\"font-size: 16pt\"><b>Szent\nP\u00e9ter \u00e9s Szent P\u00e1l apostolok <\/b><\/font><\/font>\n<\/p>\n<p align=\"center\" style=\"; margin-left: 0.64cm; margin-bottom: 0cm\">\n<br\/>\n\n<\/p>\n<ol>\n\t<li><p align=\"justify\" style=\"; margin-top: 0.42cm; margin-bottom: 0.42cm\">\n\t<font color=\"#4a4a4a\"><font size=\"4\" style=\"font-size: 16pt\"><b><span style=\"background: #ffffff\">Vas\u00e1rnap<\/span><\/b><\/font><\/font><font color=\"#4a4a4a\"><font size=\"4\" style=\"font-size: 16pt\"><span style=\"background: #ffffff\">,\n\t29-\u00e9n, <\/span><\/font><\/font><font color=\"#ee0000\"><font size=\"4\" style=\"font-size: 16pt\"><u><span style=\"background: #ffffff\">8-kor<\/span><\/u><\/font><\/font><font size=\"4\" style=\"font-size: 16pt\"><span style=\"background: #ffffff\">\n\tlesz szentmise Sz\u00e9phalmon \u00e9s <\/span><\/font><font color=\"#ee0000\"><font size=\"4\" style=\"font-size: 16pt\"><u><span style=\"background: #ffffff\">10-kor<\/span><\/u><\/font><\/font><font size=\"4\" style=\"font-size: 16pt\"><span style=\"background: #ffffff\">\n\t\u00d3falun. <\/span><\/font><font color=\"#4a4a4a\"><font size=\"4\" style=\"font-size: 16pt\"><span style=\"background: #ffffff\">\n\tA szentmis\u00e9ken gy\u0171jt\u00e9s lesz a Szentsz\u00e9k jav\u00e1ra.<\/span><\/font><\/font><\/p>\n\t<li><p align=\"justify\" style=\"; margin-top: 0.42cm; margin-bottom: 0.42cm\">\n\t<font color=\"#4a4a4a\"><font size=\"4\" style=\"font-size: 16pt\"><b><span style=\"background: #ffffff\">H\u00e9tf\u0151n\n\t<\/span><\/b><\/font><\/font><font color=\"#ee0000\"><font size=\"4\" style=\"font-size: 16pt\"><u><b><span style=\"background: #ffffff\">7:30<\/span><\/b><\/u><\/font><\/font><font color=\"#ee0000\"><font size=\"4\" style=\"font-size: 16pt\"><u><span style=\"background: #ffffff\">-kor<\/span><\/u><\/font><\/font><font color=\"#4a4a4a\"><font size=\"4\" style=\"font-size: 16pt\"><span style=\"background: #ffffff\">\n\tlesz szentmise \u00d3falun.<\/span><\/font><\/font><\/p>\n\t<li><p align=\"justify\" style=\"; margin-top: 0.42cm; margin-bottom: 0.42cm\">\n\t<font color=\"#4a4a4a\"><font size=\"4\" style=\"font-size: 16pt\"><b><span style=\"background: #ffffff\">Kedden\n\t<\/span><\/b><\/font><\/font><font color=\"#ee0000\"><font size=\"4\" style=\"font-size: 16pt\"><u><b><span style=\"background: #ffffff\">7:30<\/span><\/b><\/u><\/font><\/font><font color=\"#ee0000\"><font size=\"4\" style=\"font-size: 16pt\"><u><span style=\"background: #ffffff\">-kor<\/span><\/u><\/font><\/font><font color=\"#4a4a4a\"><font size=\"4\" style=\"font-size: 16pt\"><span style=\"background: #ffffff\">\n\t<\/span><\/font><\/font><font color=\"#000000\"><font size=\"4\" style=\"font-size: 16pt\"><span style=\"background: #ffffff\">lesz\n\tszentmise \u00d3falun, ut\u00e1na eg\u00e9sznapos<\/span><\/font><\/font><font color=\"#4a4a4a\"><font size=\"4\" style=\"font-size: 16pt\"><span style=\"background: #ffffff\">\n\t<\/span><\/font><\/font><font color=\"#ee0000\"><font size=\"4\" style=\"font-size: 16pt\"><span style=\"background: #ffffff\">szents\u00e9gim\u00e1d\u00e1s\n\t<\/span><\/font><\/font><font size=\"4\" style=\"font-size: 16pt\"><span style=\"background: #ffffff\">lesz\n\t18 \u00f3r\u00e1ig, mivel ez a nap \u00d3falu szents\u00e9gim\u00e1d\u00e1si napja. <\/span><\/font>\n\t<\/p>\n\t<li><p align=\"justify\" style=\"; margin-top: 0.42cm; margin-bottom: 0.42cm\">\n\t<font size=\"4\" style=\"font-size: 16pt\"><b><span style=\"background: #ffffff\">Szerd\u00e1n<\/span><\/b><\/font><font size=\"4\" style=\"font-size: 16pt\"><span style=\"background: #ffffff\">\n\taz \u00f3falui templom <\/span><\/font><font color=\"#ee0000\"><font size=\"4\" style=\"font-size: 16pt\"><span style=\"background: #ffffff\">b\u00facs\u00fanapja<\/span><\/font><\/font><font size=\"4\" style=\"font-size: 16pt\"><span style=\"background: #ffffff\">\n\tlesz, melyre szeretettel h\u00edvjuk \u00e9s v\u00e1rjuk a sz\u00e9phalmi h\u00edveket\n\tis. Az \u00fcnnepi szentmise<\/span><\/font><font color=\"#4a4a4a\"><font size=\"4\" style=\"font-size: 16pt\"><span style=\"background: #ffffff\">\n\t<\/span><\/font><\/font><font color=\"#ee0000\"><font size=\"4\" style=\"font-size: 16pt\"><u><span style=\"background: #ffffff\">18\n\t\u00f3rakor<\/span><\/u><\/font><\/font><font size=\"4\" style=\"font-size: 16pt\"><span style=\"background: #ffffff\">\n\tkezd\u0151dik. Az ut\u00e1na k\u00f6vetkez\u0151 <\/span><\/font><font color=\"#ee0000\"><font size=\"4\" style=\"font-size: 16pt\"><span style=\"background: #ffffff\">agap\u00e9hoz<\/span><\/font><\/font><font size=\"4\" style=\"font-size: 16pt\"><span style=\"background: #ffffff\">\n\tk\u00e9rj\u00fck, hogy a k\u00f6rnyezetv\u00e9delem jegy\u00e9ben legyen sz\u00edves\n\tmindenki t\u00e1ny\u00e9rt, ev\u0151eszk\u00f6zt \u00e9s poharat hozni!<\/span><\/font><\/p>\n\t<li><p align=\"justify\" style=\"; margin-top: 0.42cm; margin-bottom: 0.42cm\">\n\t<font color=\"#4a4a4a\"><font size=\"4\" style=\"font-size: 16pt\"><b><span style=\"background: #ffffff\">Cs\u00fct\u00f6rt\u00f6k\u00f6n\n\t<\/span><\/b><\/font><\/font><font color=\"#ee0000\"><font size=\"4\" style=\"font-size: 16pt\"><u><b><span style=\"background: #ffffff\">7:30<\/span><\/b><\/u><\/font><\/font><font color=\"#ee0000\"><font size=\"4\" style=\"font-size: 16pt\"><u><span style=\"background: #ffffff\">&#8211;<\/span><\/u><\/font><\/font><font color=\"#ee0000\"><font size=\"4\" style=\"font-size: 16pt\"><span style=\"background: #ffffff\">kor<\/span><\/font><\/font><font size=\"4\" style=\"font-size: 16pt\"><span style=\"background: #ffffff\">\n\tlesz<\/span><\/font><font color=\"#4a4a4a\"><font size=\"4\" style=\"font-size: 16pt\"><span style=\"background: #ffffff\">\n\tszentmise \u00d3falun. (Este <\/span><\/font><\/font><font color=\"#4a4a4a\"><font size=\"4\" style=\"font-size: 16pt\"><b><span style=\"background: #ffffff\">nem\n\tlesz<\/span><\/b><\/font><\/font><font color=\"#4a4a4a\"><font size=\"4\" style=\"font-size: 16pt\"><span style=\"background: #ffffff\">\n\tszents\u00e9gim\u00e1d\u00e1s.)<\/span><\/font><\/font><\/p>\n\t<li><p align=\"justify\" style=\"; margin-top: 0.42cm; margin-bottom: 0.42cm\">\n\t<font color=\"#4a4a4a\"><font size=\"4\" style=\"font-size: 16pt\"><b><span style=\"background: #ffffff\">P\u00e9nteken\n\t(els\u0151p\u00e9ntek)<\/span><\/b><\/font><\/font><font color=\"#4a4a4a\"><font size=\"4\" style=\"font-size: 16pt\"><span style=\"background: #ffffff\">\n\tcsak <\/span><\/font><\/font><font color=\"#4a4a4a\"><font size=\"4\" style=\"font-size: 16pt\"><u><b><span style=\"background: #ffffff\">Sz\u00e9phalmon<\/span><\/b><\/u><\/font><\/font><font color=\"#4a4a4a\"><font size=\"4\" style=\"font-size: 16pt\"><span style=\"background: #ffffff\">\n\tlesz szentmise <\/span><\/font><\/font><font color=\"#ee0000\"><font size=\"4\" style=\"font-size: 16pt\"><u><span style=\"background: #ffffff\">18\n\t\u00f3rakor<\/span><\/u><\/font><\/font><font size=\"4\" style=\"font-size: 16pt\"><span style=\"background: #ffffff\">,\n\tut\u00e1na J\u00e9zus Sz\u00edve lit\u00e1nia \u00e9s szents\u00e9gim\u00e1d\u00e1s<\/span><\/font><font color=\"#4a4a4a\"><font size=\"4\" style=\"font-size: 16pt\"><b><span style=\"background: #ffffff\">.\n\t<\/span><\/b><\/font><\/font><font color=\"#4a4a4a\"><font size=\"4\" style=\"font-size: 16pt\"><span style=\"background: #ffffff\">Napk\u00f6zben\n\ta betegeket megl\u00e1togatom.<\/span><\/font><\/font><\/p>\n\t<li><p align=\"justify\" style=\"; margin-top: 0.42cm; margin-bottom: 0.42cm\">\n\t<font color=\"#4a4a4a\"><font size=\"4\" style=\"font-size: 16pt\"><b><span style=\"background: #ffffff\">Szombaton\n\t<\/span><\/b><\/font><\/font><font color=\"#ee0000\"><font size=\"4\" style=\"font-size: 16pt\"><u><span style=\"background: #ffffff\">18\n\t\u00f3rakor <\/span><\/u><\/font><\/font><font size=\"4\" style=\"font-size: 16pt\"><span style=\"background: #ffffff\">lesz\n\tszentmise Sz\u00e9phalmon.<\/span><\/font><\/p>\n<\/ol>\n<p align=\"center\" style=\"; margin-left: 0.64cm; margin-bottom: 0cm\">\n<br\/>\n\n<\/p>\n<ol start=\"8\">\n\t<li><p align=\"justify\" style=\"; margin-top: 0.42cm; margin-bottom: 0.42cm\">\n\t<font color=\"#000000\"><font size=\"4\" style=\"font-size: 16pt\"><span style=\"background: #ffffff\">Barsi\n\tBal\u00e1zs atya \u0151szi lelkigyakorlat\u00e1ra (okt\u00f3ber 24-26.\n\tM\u00e1travereb\u00e9ly) a kik\u00fcld\u00f6tt t\u00e1bl\u00e1zatban lehet jelentkezni. A\n\tjelentkez\u00e9s az el\u0151leg befizet\u00e9s\u00e9vel v\u00e1lik \u00e9rv\u00e9nyess\u00e9.<\/span><\/font><\/font><\/p>\n\t<li><p align=\"justify\" style=\"; margin-top: 0.42cm; margin-bottom: 0.42cm\">\n\t<font color=\"#ff0000\"><font size=\"4\" style=\"font-size: 16pt\">Isten\n\t\u00e9ltessen mindenkit, aki a h\u00e9ten \u00fcnnepli n\u00e9vnapj\u00e1t,\n\tsz\u00fclet\u00e9snapj\u00e1t vagy h\u00e1zass\u00e1gi \u00e9vfordul\u00f3j\u00e1t<\/font><\/font><font color=\"#984806\"><font size=\"4\" style=\"font-size: 16pt\">!<\/font><\/font><font color=\"#984806\"><font size=\"4\" style=\"font-size: 16pt\">\n\t <\/font><\/font>\n\t<\/p>\n<\/ol>\n<\/body>\n<\/html>\n\n","protected":false},"excerpt":{"rendered":"<p>HIRDET\u00c9SEK J\u00fanius 29. Szent P\u00e9ter \u00e9s Szent P\u00e1l apostolok Vas\u00e1rnap, 29-\u00e9n, 8-kor lesz szentmise Sz\u00e9phalmon \u00e9s 10-kor \u00d3falun. A szentmis\u00e9ken [&hellip;]<\/p>\n","protected":false},"author":1,"featured_media":0,"comment_status":"closed","ping_status":"open","sticky":false,"template":"","format":"standard","meta":{"site-sidebar-layout":"default","site-content-layout":"","ast-site-content-layout":"default","site-content-style":"default","site-sidebar-style":"default","ast-global-header-display":"","ast-banner-title-visibility":"","ast-main-header-display":"","ast-hfb-above-header-display":"","ast-hfb-below-header-display":"","ast-hfb-mobile-header-display":"","site-post-title":"","ast-breadcrumbs-content":"","ast-featured-img":"","footer-sml-layout":"","ast-disable-related-posts":"","theme-transparent-header-meta":"","adv-header-id-meta":"","stick-header-meta":"","header-above-stick-meta":"","header-main-stick-meta":"","header-below-stick-meta":"","astra-migrate-meta-layouts":"default","ast-page-background-enabled":"default","ast-page-background-meta":{"desktop":{"background-color":"var(--ast-global-color-5)","background-image":"","background-repeat":"repeat","background-position":"center center","background-size":"auto","background-attachment":"scroll","background-type":"","background-media":"","overlay-type":"","overlay-color":"","overlay-opacity":"","overlay-gradient":""},"tablet":{"background-color":"","background-image":"","background-repeat":"repeat","background-position":"center center","background-size":"auto","background-attachment":"scroll","background-type":"","background-media":"","overlay-type":"","overlay-color":"","overlay-opacity":"","overlay-gradient":""},"mobile":{"background-color":"","background-image":"","background-repeat":"repeat","background-position":"center center","background-size":"auto","background-attachment":"scroll","background-type":"","background-media":"","overlay-type":"","overlay-color":"","overlay-opacity":"","overlay-gradient":""}},"ast-content-background-meta":{"desktop":{"background-color":"var(--ast-global-color-4)","background-image":"","background-repeat":"repeat","background-position":"center center","background-size":"auto","background-attachment":"scroll","background-type":"","background-media":"","overlay-type":"","overlay-color":"","overlay-opacity":"","overlay-gradient":""},"tablet":{"background-color":"var(--ast-global-color-4)","background-image":"","background-repeat":"repeat","background-position":"center center","background-size":"auto","background-attachment":"scroll","background-type":"","background-media":"","overlay-type":"","overlay-color":"","overlay-opacity":"","overlay-gradient":""},"mobile":{"background-color":"var(--ast-global-color-4)","background-image":"","background-repeat":"repeat","background-position":"center center","background-size":"auto","background-attachment":"scroll","background-type":"","background-media":"","overlay-type":"","overlay-color":"","overlay-opacity":"","overlay-gradient":""}},"footnotes":""},"categories":[4],"tags":[],"class_list":["post-145","post","type-post","status-publish","format-standard","hentry","category-templomi-hirdetmenyek"],"_links":{"self":[{"href":"https:\/\/szephalom.plebania.hu\/index.php\/wp-json\/wp\/v2\/posts\/145","targetHints":{"allow":["GET"]}}],"collection":[{"href":"https:\/\/szephalom.plebania.hu\/index.php\/wp-json\/wp\/v2\/posts"}],"about":[{"href":"https:\/\/szephalom.plebania.hu\/index.php\/wp-json\/wp\/v2\/types\/post"}],"author":[{"embeddable":true,"href":"https:\/\/szephalom.plebania.hu\/index.php\/wp-json\/wp\/v2\/users\/1"}],"replies":[{"embeddable":true,"href":"https:\/\/szephalom.plebania.hu\/index.php\/wp-json\/wp\/v2\/comments?post=145"}],"version-history":[{"count":1,"href":"https:\/\/szephalom.plebania.hu\/index.php\/wp-json\/wp\/v2\/posts\/145\/revisions"}],"predecessor-version":[{"id":146,"href":"https:\/\/szephalom.plebania.hu\/index.php\/wp-json\/wp\/v2\/posts\/145\/revisions\/146"}],"wp:attachment":[{"href":"https:\/\/szephalom.plebania.hu\/index.php\/wp-json\/wp\/v2\/media?parent=145"}],"wp:term":[{"taxonomy":"category","embeddable":true,"href":"https:\/\/szephalom.plebania.hu\/index.php\/wp-json\/wp\/v2\/categories?post=145"},{"taxonomy":"post_tag","embeddable":true,"href":"https:\/\/szephalom.plebania.hu\/index.php\/wp-json\/wp\/v2\/tags?post=145"}],"curies":[{"name":"wp","href":"https:\/\/api.w.org\/{rel}","templated":true}]}}