

{"id":157,"date":"2025-08-05T06:35:46","date_gmt":"2025-08-05T04:35:46","guid":{"rendered":"https:\/\/szephalom.plebania.hu\/?p=157"},"modified":"2025-08-05T06:35:47","modified_gmt":"2025-08-05T04:35:47","slug":"hirdetesek-2025-08-03","status":"publish","type":"post","link":"https:\/\/szephalom.plebania.hu\/index.php\/2025\/08\/05\/hirdetesek-2025-08-03\/","title":{"rendered":"Hirdet\u00e9sek, 2025. 08. 03."},"content":{"rendered":"\n<p><strong>HIRDET\u00c9SEK<\/strong><\/p>\n\n\n\n<p><em><strong>Augusztus 3.<\/strong><\/em><\/p>\n\n\n\n<p><strong>\u00c9vk\u00f6zi 18. vas\u00e1rnap<\/strong><\/p>\n\n\n\n<ol class=\"wp-block-list\">\n<li>Ezen a h\u00e9ten a h\u00e9tk\u00f6znapi szentmis\u00e9k \u00e9s szents\u00e9gim\u00e1d\u00e1sok ELMARADNAK.<\/li>\n<\/ol>\n\n\n\n<p>Szombaton 18 \u00f3rakor lesz szentmise Sz\u00e9phalmon.<\/p>\n\n\n\n<p>Vas\u00e1rnap 8 \u00f3rakor Sz\u00e9phalmon, 10 \u00f3rakor \u00d3falun lesz szentmise.<\/p>\n\n\n\n<ol start=\"2\" class=\"wp-block-list\">\n<li>Az irodai szolg\u00e1lat a h\u00e9ten a ny\u00e1ri rend szerint m\u0171k\u00f6dik:<\/li>\n<\/ol>\n\n\n\n<p>Kedden:10-12 \u00f3r\u00e1ig<\/p>\n\n\n\n<p>P\u00e9nteken: 15-17 \u00f3r\u00e1ig<\/p>\n\n\n\n<ol start=\"3\" class=\"wp-block-list\">\n<li>J\u00f6v\u0151 vas\u00e1rnap, aug. 10-\u00e9t\u0151l kezdet\u00e9t veszi a hittant\u00e1bor.<\/li>\n\n\n\n<li>Barsi Bal\u00e1zs atya \u0151szi lelkigyakorlat\u00e1ra (okt\u00f3ber 24-26. M\u00e1travereb\u00e9ly) m\u00e9g lehet jelentkezni a kik\u00fcld\u00f6tt t\u00e1bl\u00e1zatban. A jelentkez\u00e9s az el\u0151leg befizet\u00e9s\u00e9vel v\u00e1lik \u00e9rv\u00e9nyess\u00e9.<\/li>\n<\/ol>\n\n\n\n<p>Isten \u00e9ltessen mindenkit, aki a h\u00e9ten \u00fcnnepli n\u00e9vnapj\u00e1t, sz\u00fclet\u00e9snapj\u00e1t vagy h\u00e1zass\u00e1gi \u00e9vfordul\u00f3j\u00e1t!<\/p>\n\n\n\n<p><em>Urunk, boldogan vallunk t\u00e9ged teremt\u0151 \u00e9s gondvisel\u0151 Isten\u00fcnknek. Oltalmazd mindenkor h\u00edveidet: \u00faj\u00edtsd meg kegyelmi adom\u00e1nyaidat benn\u00fcnk, \u00e9s meg\u00fajult \u00e9let\u00fcnket \u0151rizd meg j\u00f3s\u00e1gosan!<\/em><\/p>\n","protected":false},"excerpt":{"rendered":"<p>HIRDET\u00c9SEK Augusztus 3. \u00c9vk\u00f6zi 18. vas\u00e1rnap Szombaton 18 \u00f3rakor lesz szentmise Sz\u00e9phalmon. Vas\u00e1rnap 8 \u00f3rakor Sz\u00e9phalmon, 10 \u00f3rakor \u00d3falun lesz [&hellip;]<\/p>\n","protected":false},"author":1,"featured_media":0,"comment_status":"closed","ping_status":"open","sticky":false,"template":"","format":"standard","meta":{"site-sidebar-layout":"default","site-content-layout":"","ast-site-content-layout":"default","site-content-style":"default","site-sidebar-style":"default","ast-global-header-display":"","ast-banner-title-visibility":"","ast-main-header-display":"","ast-hfb-above-header-display":"","ast-hfb-below-header-display":"","ast-hfb-mobile-header-display":"","site-post-title":"","ast-breadcrumbs-content":"","ast-featured-img":"","footer-sml-layout":"","ast-disable-related-posts":"","theme-transparent-header-meta":"","adv-header-id-meta":"","stick-header-meta":"","header-above-stick-meta":"","header-main-stick-meta":"","header-below-stick-meta":"","astra-migrate-meta-layouts":"default","ast-page-background-enabled":"default","ast-page-background-meta":{"desktop":{"background-color":"var(--ast-global-color-5)","background-image":"","background-repeat":"repeat","background-position":"center center","background-size":"auto","background-attachment":"scroll","background-type":"","background-media":"","overlay-type":"","overlay-color":"","overlay-opacity":"","overlay-gradient":""},"tablet":{"background-color":"","background-image":"","background-repeat":"repeat","background-position":"center center","background-size":"auto","background-attachment":"scroll","background-type":"","background-media":"","overlay-type":"","overlay-color":"","overlay-opacity":"","overlay-gradient":""},"mobile":{"background-color":"","background-image":"","background-repeat":"repeat","background-position":"center center","background-size":"auto","background-attachment":"scroll","background-type":"","background-media":"","overlay-type":"","overlay-color":"","overlay-opacity":"","overlay-gradient":""}},"ast-content-background-meta":{"desktop":{"background-color":"var(--ast-global-color-4)","background-image":"","background-repeat":"repeat","background-position":"center center","background-size":"auto","background-attachment":"scroll","background-type":"","background-media":"","overlay-type":"","overlay-color":"","overlay-opacity":"","overlay-gradient":""},"tablet":{"background-color":"var(--ast-global-color-4)","background-image":"","background-repeat":"repeat","background-position":"center center","background-size":"auto","background-attachment":"scroll","background-type":"","background-media":"","overlay-type":"","overlay-color":"","overlay-opacity":"","overlay-gradient":""},"mobile":{"background-color":"var(--ast-global-color-4)","background-image":"","background-repeat":"repeat","background-position":"center center","background-size":"auto","background-attachment":"scroll","background-type":"","background-media":"","overlay-type":"","overlay-color":"","overlay-opacity":"","overlay-gradient":""}},"footnotes":""},"categories":[4],"tags":[],"class_list":["post-157","post","type-post","status-publish","format-standard","hentry","category-templomi-hirdetmenyek"],"_links":{"self":[{"href":"https:\/\/szephalom.plebania.hu\/index.php\/wp-json\/wp\/v2\/posts\/157","targetHints":{"allow":["GET"]}}],"collection":[{"href":"https:\/\/szephalom.plebania.hu\/index.php\/wp-json\/wp\/v2\/posts"}],"about":[{"href":"https:\/\/szephalom.plebania.hu\/index.php\/wp-json\/wp\/v2\/types\/post"}],"author":[{"embeddable":true,"href":"https:\/\/szephalom.plebania.hu\/index.php\/wp-json\/wp\/v2\/users\/1"}],"replies":[{"embeddable":true,"href":"https:\/\/szephalom.plebania.hu\/index.php\/wp-json\/wp\/v2\/comments?post=157"}],"version-history":[{"count":1,"href":"https:\/\/szephalom.plebania.hu\/index.php\/wp-json\/wp\/v2\/posts\/157\/revisions"}],"predecessor-version":[{"id":158,"href":"https:\/\/szephalom.plebania.hu\/index.php\/wp-json\/wp\/v2\/posts\/157\/revisions\/158"}],"wp:attachment":[{"href":"https:\/\/szephalom.plebania.hu\/index.php\/wp-json\/wp\/v2\/media?parent=157"}],"wp:term":[{"taxonomy":"category","embeddable":true,"href":"https:\/\/szephalom.plebania.hu\/index.php\/wp-json\/wp\/v2\/categories?post=157"},{"taxonomy":"post_tag","embeddable":true,"href":"https:\/\/szephalom.plebania.hu\/index.php\/wp-json\/wp\/v2\/tags?post=157"}],"curies":[{"name":"wp","href":"https:\/\/api.w.org\/{rel}","templated":true}]}}