

{"id":165,"date":"2025-08-31T07:50:00","date_gmt":"2025-08-31T05:50:00","guid":{"rendered":"https:\/\/szephalom.plebania.hu\/?p=165"},"modified":"2025-08-31T07:50:00","modified_gmt":"2025-08-31T05:50:00","slug":"hirdetesek-2025-08-31","status":"publish","type":"post","link":"https:\/\/szephalom.plebania.hu\/index.php\/2025\/08\/31\/hirdetesek-2025-08-31\/","title":{"rendered":"Hirdet\u00e9sek, 2025. 08. 31."},"content":{"rendered":"\n<p><strong>HIRDET\u00c9SEK<\/strong><\/p>\n\n\n\n<p><em><strong>Augusztus 31.<\/strong><\/em><\/p>\n\n\n\n<p><strong>\u00c9vk\u00f6zi 22. vas\u00e1rnap<\/strong><\/p>\n\n\n\n<ol class=\"wp-block-list\">\n<li>Vas\u00e1rnap, augusztus 31-\u00e9n tan\u00e9vkezd\u0151 Veni Sancte szentmise lesz, m\u00e1r az \u0151szi-t\u00e9li rend szerint: 9 \u00f3rakor Sz\u00e9phalmon, 11 \u00e9s 18 \u00f3rakor \u00d3falun. A szentmis\u00e9ken sor ker\u00fcl az iskol\u00e1sok \u00e9s iskolat\u00e1sk\u00e1ik meg\u00e1ld\u00e1s\u00e1ra is.<\/li>\n<\/ol>\n\n\n\n<p><em>Akik \u00f6r\u00f6kbe fogadtak egy vagy t\u00f6bb n\u00f6v\u00e9nyt a templomkertben, a szentmise ut\u00e1n vegy\u00e9k el n\u00e9vt\u00e1bl\u00e1jukat \u00e9s helyezz\u00e9k el a n\u00f6v\u00e9nyn\u00e9l! H\u00e1l\u00e1s k\u00f6sz\u00f6net a kert megsz\u00e9p\u00edt\u00e9s\u00e9hez ny\u00fajtott t\u00e1mogat\u00e1s\u00e9rt!<\/em><\/p>\n\n\n\n<ol class=\"wp-block-list\">\n<li>Ett\u0151l a h\u00e9tt\u0151l A H\u00c9TK\u00d6ZNAPI MISEREND MEGV\u00c1LTOZIK!<\/li>\n<\/ol>\n\n\n\n<p>H\u00e9tf\u0151: NINCS szentmise<\/p>\n\n\n\n<p>Kedd: 18 \u00f3rakor Sz\u00e9phalmon<\/p>\n\n\n\n<p>Szerda: 7 \u00f3rakor \u00d3falun<\/p>\n\n\n\n<p>Cs\u00fct\u00f6rt\u00f6k: 18 \u00f3rakor Sz\u00e9phalmon, 20:30-t\u00f3l szents\u00e9gim\u00e1d\u00e1s \u00d3falun<\/p>\n\n\n\n<p>P\u00e9ntek: 7 \u00f3rakor \u00d3falun, ut\u00e1na szents\u00e9gim\u00e1d\u00e1s<\/p>\n\n\n\n<p>Szombat: 18 \u00f3rakor Sz\u00e9phalmon, el\u0151tte gy\u00f3n\u00e1si lehet\u0151s\u00e9g<\/p>\n\n\n\n<p>Vas\u00e1rnap: 9 \u00f3rakor Sz\u00e9phalmon, 11 \u00e9s 18 \u00f3rakor \u00d3falun (10:30-t\u00f3l gy\u00f3n\u00e1si lehet\u0151s\u00e9g)<\/p>\n\n\n\n<ul start=\"3\" class=\"wp-block-list\">\n<li>A h\u00e9ten els\u0151p\u00e9ntek, a betegeket megl\u00e1togatom. Sz\u00e9phalmon is lesz szentmise 18 \u00f3rakor (+ J\u00e9zus Sz\u00edve lit\u00e1nia, szents\u00e9gim\u00e1d\u00e1s)<\/li>\n\n\n\n<li>A sz\u00e9pkor\u00faak els\u0151 \u00f6sszej\u00f6vetele cs\u00fct\u00f6rt\u00f6k\u00f6n 10 \u00f3rakor lesz a sz\u00e9phalmi hittanteremben.<\/li>\n\n\n\n<li>09.13-\u00e1n az esti szentmise ut\u00e1n kereszt\u00fatra megy\u00fcnk a K\u00e1lv\u00e1ri\u00e1ra.<\/li>\n\n\n\n<li>09.14-\u00e9n az esti szentmise ut\u00e1n hangverseny lesz az \u00f3falui templomban.<\/li>\n\n\n\n<li>B\u00f3di M\u00e1ria Magdolna boldogg\u00e1 avat\u00e1sa szeptember 6-\u00e1n lesz Veszpr\u00e9mben. (r\u00e9szletek a magyarkurir.hu oldalon)<\/li>\n\n\n\n<li>A m\u00e1riaremetei bazilika templomb\u00facs\u00faja 09.08-\u00e1n lesz. Az \u00fcnnepi szentmise 18 \u00f3rakor kezd\u0151dik, melyre minket is szeretettel v\u00e1rnak.<\/li>\n\n\n\n<li>Barsi Bal\u00e1zs atya \u0151szi lelkigyakorlat\u00e1ra m\u00e1r befizethet\u0151 a 10.000Ft el\u0151leg a szentmis\u00e9k ut\u00e1n vagy irodaid\u0151ben az irod\u00e1n.<\/li>\n<\/ul>\n","protected":false},"excerpt":{"rendered":"<p>HIRDET\u00c9SEK Augusztus 31. \u00c9vk\u00f6zi 22. vas\u00e1rnap Akik \u00f6r\u00f6kbe fogadtak egy vagy t\u00f6bb n\u00f6v\u00e9nyt a templomkertben, a szentmise ut\u00e1n vegy\u00e9k el [&hellip;]<\/p>\n","protected":false},"author":1,"featured_media":0,"comment_status":"open","ping_status":"open","sticky":false,"template":"","format":"standard","meta":{"site-sidebar-layout":"default","site-content-layout":"","ast-site-content-layout":"default","site-content-style":"default","site-sidebar-style":"default","ast-global-header-display":"","ast-banner-title-visibility":"","ast-main-header-display":"","ast-hfb-above-header-display":"","ast-hfb-below-header-display":"","ast-hfb-mobile-header-display":"","site-post-title":"","ast-breadcrumbs-content":"","ast-featured-img":"","footer-sml-layout":"","ast-disable-related-posts":"","theme-transparent-header-meta":"","adv-header-id-meta":"","stick-header-meta":"","header-above-stick-meta":"","header-main-stick-meta":"","header-below-stick-meta":"","astra-migrate-meta-layouts":"default","ast-page-background-enabled":"default","ast-page-background-meta":{"desktop":{"background-color":"var(--ast-global-color-5)","background-image":"","background-repeat":"repeat","background-position":"center center","background-size":"auto","background-attachment":"scroll","background-type":"","background-media":"","overlay-type":"","overlay-color":"","overlay-opacity":"","overlay-gradient":""},"tablet":{"background-color":"","background-image":"","background-repeat":"repeat","background-position":"center center","background-size":"auto","background-attachment":"scroll","background-type":"","background-media":"","overlay-type":"","overlay-color":"","overlay-opacity":"","overlay-gradient":""},"mobile":{"background-color":"","background-image":"","background-repeat":"repeat","background-position":"center center","background-size":"auto","background-attachment":"scroll","background-type":"","background-media":"","overlay-type":"","overlay-color":"","overlay-opacity":"","overlay-gradient":""}},"ast-content-background-meta":{"desktop":{"background-color":"var(--ast-global-color-4)","background-image":"","background-repeat":"repeat","background-position":"center center","background-size":"auto","background-attachment":"scroll","background-type":"","background-media":"","overlay-type":"","overlay-color":"","overlay-opacity":"","overlay-gradient":""},"tablet":{"background-color":"var(--ast-global-color-4)","background-image":"","background-repeat":"repeat","background-position":"center center","background-size":"auto","background-attachment":"scroll","background-type":"","background-media":"","overlay-type":"","overlay-color":"","overlay-opacity":"","overlay-gradient":""},"mobile":{"background-color":"var(--ast-global-color-4)","background-image":"","background-repeat":"repeat","background-position":"center center","background-size":"auto","background-attachment":"scroll","background-type":"","background-media":"","overlay-type":"","overlay-color":"","overlay-opacity":"","overlay-gradient":""}},"footnotes":""},"categories":[4],"tags":[],"class_list":["post-165","post","type-post","status-publish","format-standard","hentry","category-templomi-hirdetmenyek"],"_links":{"self":[{"href":"https:\/\/szephalom.plebania.hu\/index.php\/wp-json\/wp\/v2\/posts\/165","targetHints":{"allow":["GET"]}}],"collection":[{"href":"https:\/\/szephalom.plebania.hu\/index.php\/wp-json\/wp\/v2\/posts"}],"about":[{"href":"https:\/\/szephalom.plebania.hu\/index.php\/wp-json\/wp\/v2\/types\/post"}],"author":[{"embeddable":true,"href":"https:\/\/szephalom.plebania.hu\/index.php\/wp-json\/wp\/v2\/users\/1"}],"replies":[{"embeddable":true,"href":"https:\/\/szephalom.plebania.hu\/index.php\/wp-json\/wp\/v2\/comments?post=165"}],"version-history":[{"count":1,"href":"https:\/\/szephalom.plebania.hu\/index.php\/wp-json\/wp\/v2\/posts\/165\/revisions"}],"predecessor-version":[{"id":166,"href":"https:\/\/szephalom.plebania.hu\/index.php\/wp-json\/wp\/v2\/posts\/165\/revisions\/166"}],"wp:attachment":[{"href":"https:\/\/szephalom.plebania.hu\/index.php\/wp-json\/wp\/v2\/media?parent=165"}],"wp:term":[{"taxonomy":"category","embeddable":true,"href":"https:\/\/szephalom.plebania.hu\/index.php\/wp-json\/wp\/v2\/categories?post=165"},{"taxonomy":"post_tag","embeddable":true,"href":"https:\/\/szephalom.plebania.hu\/index.php\/wp-json\/wp\/v2\/tags?post=165"}],"curies":[{"name":"wp","href":"https:\/\/api.w.org\/{rel}","templated":true}]}}