

{"id":176,"date":"2025-10-05T13:54:28","date_gmt":"2025-10-05T11:54:28","guid":{"rendered":"https:\/\/szephalom.plebania.hu\/?p=176"},"modified":"2025-10-05T13:54:29","modified_gmt":"2025-10-05T11:54:29","slug":"hirdetesek-2025-10-05","status":"publish","type":"post","link":"https:\/\/szephalom.plebania.hu\/index.php\/2025\/10\/05\/hirdetesek-2025-10-05\/","title":{"rendered":"Hirdet\u00e9sek, 2025. 10. 05."},"content":{"rendered":"\n<p><em>\u00c9vk\u00f6zi 27. vas\u00e1rnap, okt\u00f3ber 5.<\/em><\/p>\n\n\n\n<ol class=\"wp-block-list\">\n<li>Ezen a h\u00e9ten a szentmis\u00e9k \u00e9s szents\u00e9gim\u00e1d\u00e1sok a szokott rend szerint lesznek megtartva:<\/li>\n<\/ol>\n\n\n\n<p>Kedden: 18 \u00f3rakor Sz\u00e9phalmon<\/p>\n\n\n\n<p>Szerd\u00e1n: 7 \u00f3rakor \u00d3falun<\/p>\n\n\n\n<p>Cs\u00fct\u00f6rt\u00f6k\u00f6n: 18 \u00f3rakor Sz\u00e9phalmon, 20:30-t\u00f3l<\/p>\n\n\n\n<p>szents\u00e9gim\u00e1d\u00e1s \u00d3falun<\/p>\n\n\n\n<p>P\u00e9nteken: 7 \u00f3rakor \u00d3falun, ut\u00e1na 8:30-ig szents\u00e9gim\u00e1d\u00e1s<\/p>\n\n\n\n<p>Szombaton: 18 \u00f3rakor Sz\u00e9phalmon, el\u0151tte gy\u00f3n\u00e1si lehet\u0151s\u00e9g<\/p>\n\n\n\n<p>Vas\u00e1rnap: 9 \u00f3rakor Sz\u00e9phalmon, 11 \u00e9s 18 \u00f3rakor \u00d3falun,<\/p>\n\n\n\n<p>el\u0151tte gy\u00f3n\u00e1si lehet\u0151s\u00e9g<\/p>\n\n\n\n<ol start=\"2\" class=\"wp-block-list\">\n<li><strong>Kedden,<\/strong> okt\u00f3ber 7-\u00e9n <strong>18 \u00f3r\u00e1t\u00f3l<\/strong> az \u00f3falui templomban bekapcsol\u00f3dunk az \u201eEgymilli\u00f3 gyermek im\u00e1dkozza a r\u00f3zsaf\u00fcz\u00e9rt\u201d elnevez\u00e9s\u0171 k\u00f6z\u00f6s im\u00e1ba (teh\u00e1t nem 18-\u00e1n lesz ez az alkalom). Szeretettel v\u00e1rjuk a gyermekeket, feln\u0151tteket, k\u00f6z\u00f6ss\u00e9geket egyar\u00e1nt. Ut\u00e1na palacsint\u00e1z\u00e1s lesz a kertben. K\u00e9rj\u00fck a palacsintas\u00fct\u00e9sben seg\u00edt\u0151 kedves testv\u00e9rek jelentkez\u00e9s\u00e9t a kik\u00fcld\u00f6tt t\u00e1bl\u00e1zat \u00fatj\u00e1n. F\u00e1radoz\u00e1sukat el\u0151re is k\u00f6sz\u00f6nj\u00fck.<\/li>\n\n\n\n<li>Okt\u00f3berben minden <strong>h\u00e9tk\u00f6znap<\/strong> 18 \u00f3r\u00e1t\u00f3l r\u00f3zsaf\u00fcz\u00e9rt im\u00e1dkozunk az \u00f3falui templomban, a n\u0151v\u00e9rek vezet\u00e9s\u00e9vel.<\/li>\n\n\n\n<li><strong>Okt\u00f3ber 15-\u00e9n<\/strong>, szerd\u00e1n gyalogos zar\u00e1ndoklatra megy\u00fcnk M\u00e1riaremet\u00e9re, az \u00f3voda szervez\u00e9s\u00e9ben. Indul\u00e1s 16:30-kor az \u00f3falui templomt\u00f3l. \u00c9rkez\u00e9s ut\u00e1n szentmis\u00e9n vesz\u00fcnk r\u00e9szt (ld. a mell\u00e9kelt plak\u00e1tot).<\/li>\n<\/ol>\n","protected":false},"excerpt":{"rendered":"<p>\u00c9vk\u00f6zi 27. vas\u00e1rnap, okt\u00f3ber 5. Kedden: 18 \u00f3rakor Sz\u00e9phalmon Szerd\u00e1n: 7 \u00f3rakor \u00d3falun Cs\u00fct\u00f6rt\u00f6k\u00f6n: 18 \u00f3rakor Sz\u00e9phalmon, 20:30-t\u00f3l szents\u00e9gim\u00e1d\u00e1s \u00d3falun [&hellip;]<\/p>\n","protected":false},"author":1,"featured_media":0,"comment_status":"closed","ping_status":"open","sticky":false,"template":"","format":"standard","meta":{"site-sidebar-layout":"default","site-content-layout":"","ast-site-content-layout":"default","site-content-style":"default","site-sidebar-style":"default","ast-global-header-display":"","ast-banner-title-visibility":"","ast-main-header-display":"","ast-hfb-above-header-display":"","ast-hfb-below-header-display":"","ast-hfb-mobile-header-display":"","site-post-title":"","ast-breadcrumbs-content":"","ast-featured-img":"","footer-sml-layout":"","ast-disable-related-posts":"","theme-transparent-header-meta":"","adv-header-id-meta":"","stick-header-meta":"","header-above-stick-meta":"","header-main-stick-meta":"","header-below-stick-meta":"","astra-migrate-meta-layouts":"default","ast-page-background-enabled":"default","ast-page-background-meta":{"desktop":{"background-color":"var(--ast-global-color-5)","background-image":"","background-repeat":"repeat","background-position":"center center","background-size":"auto","background-attachment":"scroll","background-type":"","background-media":"","overlay-type":"","overlay-color":"","overlay-opacity":"","overlay-gradient":""},"tablet":{"background-color":"","background-image":"","background-repeat":"repeat","background-position":"center center","background-size":"auto","background-attachment":"scroll","background-type":"","background-media":"","overlay-type":"","overlay-color":"","overlay-opacity":"","overlay-gradient":""},"mobile":{"background-color":"","background-image":"","background-repeat":"repeat","background-position":"center center","background-size":"auto","background-attachment":"scroll","background-type":"","background-media":"","overlay-type":"","overlay-color":"","overlay-opacity":"","overlay-gradient":""}},"ast-content-background-meta":{"desktop":{"background-color":"var(--ast-global-color-4)","background-image":"","background-repeat":"repeat","background-position":"center center","background-size":"auto","background-attachment":"scroll","background-type":"","background-media":"","overlay-type":"","overlay-color":"","overlay-opacity":"","overlay-gradient":""},"tablet":{"background-color":"var(--ast-global-color-4)","background-image":"","background-repeat":"repeat","background-position":"center center","background-size":"auto","background-attachment":"scroll","background-type":"","background-media":"","overlay-type":"","overlay-color":"","overlay-opacity":"","overlay-gradient":""},"mobile":{"background-color":"var(--ast-global-color-4)","background-image":"","background-repeat":"repeat","background-position":"center center","background-size":"auto","background-attachment":"scroll","background-type":"","background-media":"","overlay-type":"","overlay-color":"","overlay-opacity":"","overlay-gradient":""}},"footnotes":""},"categories":[4],"tags":[],"class_list":["post-176","post","type-post","status-publish","format-standard","hentry","category-templomi-hirdetmenyek"],"_links":{"self":[{"href":"https:\/\/szephalom.plebania.hu\/index.php\/wp-json\/wp\/v2\/posts\/176","targetHints":{"allow":["GET"]}}],"collection":[{"href":"https:\/\/szephalom.plebania.hu\/index.php\/wp-json\/wp\/v2\/posts"}],"about":[{"href":"https:\/\/szephalom.plebania.hu\/index.php\/wp-json\/wp\/v2\/types\/post"}],"author":[{"embeddable":true,"href":"https:\/\/szephalom.plebania.hu\/index.php\/wp-json\/wp\/v2\/users\/1"}],"replies":[{"embeddable":true,"href":"https:\/\/szephalom.plebania.hu\/index.php\/wp-json\/wp\/v2\/comments?post=176"}],"version-history":[{"count":1,"href":"https:\/\/szephalom.plebania.hu\/index.php\/wp-json\/wp\/v2\/posts\/176\/revisions"}],"predecessor-version":[{"id":177,"href":"https:\/\/szephalom.plebania.hu\/index.php\/wp-json\/wp\/v2\/posts\/176\/revisions\/177"}],"wp:attachment":[{"href":"https:\/\/szephalom.plebania.hu\/index.php\/wp-json\/wp\/v2\/media?parent=176"}],"wp:term":[{"taxonomy":"category","embeddable":true,"href":"https:\/\/szephalom.plebania.hu\/index.php\/wp-json\/wp\/v2\/categories?post=176"},{"taxonomy":"post_tag","embeddable":true,"href":"https:\/\/szephalom.plebania.hu\/index.php\/wp-json\/wp\/v2\/tags?post=176"}],"curies":[{"name":"wp","href":"https:\/\/api.w.org\/{rel}","templated":true}]}}