

{"id":187,"date":"2025-11-26T06:13:35","date_gmt":"2025-11-26T05:13:35","guid":{"rendered":"https:\/\/szephalom.plebania.hu\/?p=187"},"modified":"2025-11-26T06:13:36","modified_gmt":"2025-11-26T05:13:36","slug":"hirdetesek-2025-11-23","status":"publish","type":"post","link":"https:\/\/szephalom.plebania.hu\/index.php\/2025\/11\/26\/hirdetesek-2025-11-23\/","title":{"rendered":"Hirdet\u00e9sek, 2025. 11. 23."},"content":{"rendered":"\n<p><strong><strong>\u00c9vk\u00f6zi 33. vas\u00e1rnap<\/strong><\/strong>, <strong>Krisztus a Mindens\u00e9g Kir\u00e1lya<\/strong><\/p>\n\n\n\n<ol class=\"wp-block-list\">\n<li> Ezen a h\u00e9ten a szentmis\u00e9k \u00e9s szents\u00e9gim\u00e1d\u00e1sok a szokott rend szerint lesznek megtartva:<\/li>\n<\/ol>\n\n\n\n<p>Kedden <em>(Alexandriai Szt. Katalin sz\u0171z \u00e9s v\u00e9rtan\u00fa eml\u00e9knapja)<\/em>: 18 \u00f3rakor Sz\u00e9phalmon<\/p>\n\n\n\n<p>Szerd\u00e1n: 7 \u00f3rakor \u00d3falun<\/p>\n\n\n\n<p>Cs\u00fct\u00f6rt\u00f6k\u00f6n: 18 \u00f3rakor Sz\u00e9phalmon, 20:30-t\u00f3l szents\u00e9gim\u00e1d\u00e1s \u00d3falun<\/p>\n\n\n\n<p>P\u00e9nteken: 7 \u00f3rakor \u00d3falun, ut\u00e1na 8:30-ig szents\u00e9gim\u00e1d\u00e1s<\/p>\n\n\n\n<p>Szombaton: 18 \u00f3rakor Sz\u00e9phalmon, <strong>ut\u00e1na <\/strong>gy\u00f3n\u00e1si lehet\u0151s\u00e9g<\/p>\n\n\n\n<p>Vas\u00e1rnap <em>(Krisztus a Mindens\u00e9g Kir\u00e1lya)<\/em>: 9 \u00f3rakor Sz\u00e9phalmon, 11 \u00e9s 18 \u00f3rakor \u00d3falun, el\u0151tte gy\u00f3n\u00e1si lehet\u0151s\u00e9g<\/p>\n\n\n\n<ol start=\"2\" class=\"wp-block-list\">\n<li>A <strong>mai<\/strong> <strong>vas\u00e1rnap orsz\u00e1gos gy\u0171jt\u00e9s <\/strong>van a Karit\u00e1sz jav\u00e1ra. K\u00e9rj\u00fck a h\u00edvek nagylelk\u0171 t\u00e1mogat\u00e1s\u00e1t!<\/li>\n\n\n\n<li>Cs\u00fct\u00f6rt\u00f6k\u00f6n, 27-\u00e9n a <strong>sz\u00e9pkor\u00faak <\/strong>\u00f6sszej\u00f6vetele lesz 10 \u00f3r\u00e1t\u00f3l a sz\u00e9phalmi pl\u00e9b\u00e1ni\u00e1n.<\/li>\n\n\n\n<li>Szombaton, 29-\u00e9n k\u00f6z\u00f6s <strong>adventi koszor\u00fak\u00e9sz\u00edt\u00e9s <\/strong>lesz 14 \u00f3r\u00e1t\u00f3l a sz\u00e9phalmi hittanteremben.<\/li>\n\n\n\n<li>Az adventi <strong>szombatokon <\/strong>\u00fcnnep\u00e9lyes gyertyagy\u00fajt\u00e1s lesz zsolozsm\u00e1val, 17 \u00f3r\u00e1t\u00f3l az <strong>\u00f3falui<\/strong> templomban. (Ez\u00e9rt a szombat esti szentmis\u00e9k <strong>ut\u00e1n <\/strong>lesz gy\u00f3n\u00e1si lehet\u0151s\u00e9g Sz\u00e9phalmon.)<\/li>\n\n\n\n<li>A dec. 24-i <strong>p\u00e1sztorj\u00e1t\u00e9kra<\/strong> v\u00e1rjuk a feln\u0151tt szerepl\u0151k jelentkez\u00e9s\u00e9t (danko.luca93 \/ gmail.com).<\/li>\n\n\n\n<li>Pl\u00e9b\u00e1niai konzult\u00e1ci\u00f3t ind\u00edtottunk a pl\u00e9b\u00e1ni\u00e1k lelki meg\u00fajul\u00e1sa \u00e9rdek\u00e9ben. A k\u00e9rd\u0151\u00edv online form\u00e1ban kit\u00f6lthet\u0151 a nov. 21-\u00e9n kik\u00fcld\u00f6tt lev\u00e9lben tal\u00e1lhat\u00f3 linken, illetve pap\u00edr alapon a sekresty\u00e9ben. Hat\u00e1rid\u0151: <strong>nov. 30. K\u00f6sz\u00f6nj\u00fck!<\/strong><\/li>\n\n\n\n<li>Isten \u00e9ltessen mindenkit, aki a h\u00e9ten \u00fcnnepli n\u00e9vnapj\u00e1t, sz\u00fclet\u00e9snapj\u00e1t vagy h\u00e1zass\u00e1gi \u00e9vfordul\u00f3j\u00e1t!<\/li>\n<\/ol>\n","protected":false},"excerpt":{"rendered":"<p>\u00c9vk\u00f6zi 33. vas\u00e1rnap, Krisztus a Mindens\u00e9g Kir\u00e1lya Kedden (Alexandriai Szt. Katalin sz\u0171z \u00e9s v\u00e9rtan\u00fa eml\u00e9knapja): 18 \u00f3rakor Sz\u00e9phalmon Szerd\u00e1n: 7 [&hellip;]<\/p>\n","protected":false},"author":1,"featured_media":0,"comment_status":"closed","ping_status":"open","sticky":false,"template":"","format":"standard","meta":{"site-sidebar-layout":"default","site-content-layout":"","ast-site-content-layout":"default","site-content-style":"default","site-sidebar-style":"default","ast-global-header-display":"","ast-banner-title-visibility":"","ast-main-header-display":"","ast-hfb-above-header-display":"","ast-hfb-below-header-display":"","ast-hfb-mobile-header-display":"","site-post-title":"","ast-breadcrumbs-content":"","ast-featured-img":"","footer-sml-layout":"","ast-disable-related-posts":"","theme-transparent-header-meta":"","adv-header-id-meta":"","stick-header-meta":"","header-above-stick-meta":"","header-main-stick-meta":"","header-below-stick-meta":"","astra-migrate-meta-layouts":"default","ast-page-background-enabled":"default","ast-page-background-meta":{"desktop":{"background-color":"var(--ast-global-color-5)","background-image":"","background-repeat":"repeat","background-position":"center center","background-size":"auto","background-attachment":"scroll","background-type":"","background-media":"","overlay-type":"","overlay-color":"","overlay-opacity":"","overlay-gradient":""},"tablet":{"background-color":"","background-image":"","background-repeat":"repeat","background-position":"center center","background-size":"auto","background-attachment":"scroll","background-type":"","background-media":"","overlay-type":"","overlay-color":"","overlay-opacity":"","overlay-gradient":""},"mobile":{"background-color":"","background-image":"","background-repeat":"repeat","background-position":"center center","background-size":"auto","background-attachment":"scroll","background-type":"","background-media":"","overlay-type":"","overlay-color":"","overlay-opacity":"","overlay-gradient":""}},"ast-content-background-meta":{"desktop":{"background-color":"var(--ast-global-color-4)","background-image":"","background-repeat":"repeat","background-position":"center center","background-size":"auto","background-attachment":"scroll","background-type":"","background-media":"","overlay-type":"","overlay-color":"","overlay-opacity":"","overlay-gradient":""},"tablet":{"background-color":"var(--ast-global-color-4)","background-image":"","background-repeat":"repeat","background-position":"center center","background-size":"auto","background-attachment":"scroll","background-type":"","background-media":"","overlay-type":"","overlay-color":"","overlay-opacity":"","overlay-gradient":""},"mobile":{"background-color":"var(--ast-global-color-4)","background-image":"","background-repeat":"repeat","background-position":"center center","background-size":"auto","background-attachment":"scroll","background-type":"","background-media":"","overlay-type":"","overlay-color":"","overlay-opacity":"","overlay-gradient":""}},"footnotes":""},"categories":[4],"tags":[],"class_list":["post-187","post","type-post","status-publish","format-standard","hentry","category-templomi-hirdetmenyek"],"_links":{"self":[{"href":"https:\/\/szephalom.plebania.hu\/index.php\/wp-json\/wp\/v2\/posts\/187","targetHints":{"allow":["GET"]}}],"collection":[{"href":"https:\/\/szephalom.plebania.hu\/index.php\/wp-json\/wp\/v2\/posts"}],"about":[{"href":"https:\/\/szephalom.plebania.hu\/index.php\/wp-json\/wp\/v2\/types\/post"}],"author":[{"embeddable":true,"href":"https:\/\/szephalom.plebania.hu\/index.php\/wp-json\/wp\/v2\/users\/1"}],"replies":[{"embeddable":true,"href":"https:\/\/szephalom.plebania.hu\/index.php\/wp-json\/wp\/v2\/comments?post=187"}],"version-history":[{"count":1,"href":"https:\/\/szephalom.plebania.hu\/index.php\/wp-json\/wp\/v2\/posts\/187\/revisions"}],"predecessor-version":[{"id":188,"href":"https:\/\/szephalom.plebania.hu\/index.php\/wp-json\/wp\/v2\/posts\/187\/revisions\/188"}],"wp:attachment":[{"href":"https:\/\/szephalom.plebania.hu\/index.php\/wp-json\/wp\/v2\/media?parent=187"}],"wp:term":[{"taxonomy":"category","embeddable":true,"href":"https:\/\/szephalom.plebania.hu\/index.php\/wp-json\/wp\/v2\/categories?post=187"},{"taxonomy":"post_tag","embeddable":true,"href":"https:\/\/szephalom.plebania.hu\/index.php\/wp-json\/wp\/v2\/tags?post=187"}],"curies":[{"name":"wp","href":"https:\/\/api.w.org\/{rel}","templated":true}]}}