

{"id":190,"date":"2025-12-02T17:11:46","date_gmt":"2025-12-02T16:11:46","guid":{"rendered":"https:\/\/szephalom.plebania.hu\/?p=190"},"modified":"2025-12-02T17:11:46","modified_gmt":"2025-12-02T16:11:46","slug":"hirdetesek-2025-11-30","status":"publish","type":"post","link":"https:\/\/szephalom.plebania.hu\/index.php\/2025\/12\/02\/hirdetesek-2025-11-30\/","title":{"rendered":"Hirdet\u00e9sek, 2025. 11. 30."},"content":{"rendered":"\n<p><strong>HIRDET\u00c9SEK<\/strong><\/p>\n\n\n\n<p><strong><em>November 30.<\/em><\/strong><\/p>\n\n\n\n<p><strong>Advent 1. vas\u00e1rnapja<\/strong><\/p>\n\n\n\n<ol class=\"wp-block-list\">\n<li><a>Adventtel megkezd\u0151dnek a <\/a>rorate szentmis\u00e9k, \u00edgy a miserend \u00e9s a szents\u00e9gim\u00e1d\u00e1sok rendje \u00edgy alakul:<\/li>\n<\/ol>\n\n\n\n<p>H\u00e9tf\u0151n: 6 \u00f3rakor rorate \u00d3falun<\/p>\n\n\n\n<p>Kedden: 6 \u00f3rakor rorate Sz\u00e9phalmon<\/p>\n\n\n\n<p>Szerd\u00e1n: 6 \u00f3rakor rorate \u00d3falun<\/p>\n\n\n\n<p>Cs\u00fct\u00f6rt\u00f6k\u00f6n: 6 \u00f3rakor rorate Sz\u00e9phalmon, 20:30-t\u00f3l szents\u00e9gim\u00e1d\u00e1s \u00d3falun<\/p>\n\n\n\n<p>P\u00e9nteken: 6 \u00f3rakor rorate \u00d3falun (ut\u00e1na nincs szents\u00e9gim\u00e1d\u00e1s)<\/p>\n\n\n\n<p>Szombaton: 18 \u00f3rakor szentmise Sz\u00e9phalmon, ut\u00e1na gy\u00f3n\u00e1si lehet\u0151s\u00e9g<\/p>\n\n\n\n<ul class=\"wp-block-list\">\n<li>P\u00e9nteken, dec. 5-\u00e9n <strong>els\u0151p\u00e9ntek<\/strong>, 18-19 \u00f3r\u00e1ig J\u00e9zus Sz\u00edve-lit\u00e1nia \u00e9s szents\u00e9gim\u00e1d\u00e1s lesz Sz\u00e9phalmon.<\/li>\n\n\n\n<li>El\u0151re jelezz\u00fck, hogy dec. 12-\u00e9n, j\u00f6v\u0151 p\u00e9nteken templomunkban <strong>eg\u00e9sznapos<\/strong> <strong>szents\u00e9gim\u00e1d\u00e1s<\/strong><strong> <\/strong>lesz 7-18 \u00f3r\u00e1ig.<\/li>\n\n\n\n<li>A dec. 24-i <strong>p\u00e1sztorj\u00e1t\u00e9kban <\/strong>val\u00f3 r\u00e9szv\u00e9telre m\u00e9g v\u00e1runk fiatalokat \u00e9s feln\u0151tteket szerepl\u0151nek.<\/li>\n\n\n\n<li>Az adventi <strong>szombatokon <\/strong>\u00fcnnep\u00e9lyes gyertyagy\u00fajt\u00e1s van zsolozsm\u00e1val, 17 \u00f3r\u00e1t\u00f3l az <strong>\u00f3falui<\/strong> templomban. (Ez\u00e9rt Sz\u00e9phalmon a szombat esti szentmis\u00e9k <strong>ut\u00e1n <\/strong>van gy\u00f3n\u00e1si lehet\u0151s\u00e9g.)<\/li>\n\n\n\n<li>A pl\u00e9b\u00e1niai konzult\u00e1ci\u00f3 k\u00e9rd\u0151\u00edv\u00e9t m\u00e9g a mai napon ki lehet t\u00f6lteni a sekresty\u00e9ben pap\u00edr alapon, illetve \u00e9jf\u00e9lig online form\u00e1ban.<\/li>\n\n\n\n<li>K\u00f6sz\u00f6nj\u00fck mindazoknak, akik a m\u00falt vas\u00e1rnapi gy\u0171jt\u00e9s sor\u00e1n nagylelk\u0171 adom\u00e1nyukkal t\u00e1mogatt\u00e1k a Karit\u00e1szt!<\/li>\n<\/ul>\n\n\n\n<p>Isten \u00e9ltessen mindenkit, aki a h\u00e9ten \u00fcnnepli n\u00e9vnapj\u00e1t, sz\u00fclet\u00e9snapj\u00e1t vagy h\u00e1zass\u00e1gi \u00e9vfordul\u00f3j\u00e1t!<\/p>\n\n\n\n<p><\/p>\n","protected":false},"excerpt":{"rendered":"<p>HIRDET\u00c9SEK November 30. Advent 1. vas\u00e1rnapja H\u00e9tf\u0151n: 6 \u00f3rakor rorate \u00d3falun Kedden: 6 \u00f3rakor rorate Sz\u00e9phalmon Szerd\u00e1n: 6 \u00f3rakor rorate [&hellip;]<\/p>\n","protected":false},"author":1,"featured_media":0,"comment_status":"closed","ping_status":"open","sticky":false,"template":"","format":"standard","meta":{"site-sidebar-layout":"default","site-content-layout":"","ast-site-content-layout":"default","site-content-style":"default","site-sidebar-style":"default","ast-global-header-display":"","ast-banner-title-visibility":"","ast-main-header-display":"","ast-hfb-above-header-display":"","ast-hfb-below-header-display":"","ast-hfb-mobile-header-display":"","site-post-title":"","ast-breadcrumbs-content":"","ast-featured-img":"","footer-sml-layout":"","ast-disable-related-posts":"","theme-transparent-header-meta":"","adv-header-id-meta":"","stick-header-meta":"","header-above-stick-meta":"","header-main-stick-meta":"","header-below-stick-meta":"","astra-migrate-meta-layouts":"default","ast-page-background-enabled":"default","ast-page-background-meta":{"desktop":{"background-color":"var(--ast-global-color-5)","background-image":"","background-repeat":"repeat","background-position":"center center","background-size":"auto","background-attachment":"scroll","background-type":"","background-media":"","overlay-type":"","overlay-color":"","overlay-opacity":"","overlay-gradient":""},"tablet":{"background-color":"","background-image":"","background-repeat":"repeat","background-position":"center center","background-size":"auto","background-attachment":"scroll","background-type":"","background-media":"","overlay-type":"","overlay-color":"","overlay-opacity":"","overlay-gradient":""},"mobile":{"background-color":"","background-image":"","background-repeat":"repeat","background-position":"center center","background-size":"auto","background-attachment":"scroll","background-type":"","background-media":"","overlay-type":"","overlay-color":"","overlay-opacity":"","overlay-gradient":""}},"ast-content-background-meta":{"desktop":{"background-color":"var(--ast-global-color-4)","background-image":"","background-repeat":"repeat","background-position":"center center","background-size":"auto","background-attachment":"scroll","background-type":"","background-media":"","overlay-type":"","overlay-color":"","overlay-opacity":"","overlay-gradient":""},"tablet":{"background-color":"var(--ast-global-color-4)","background-image":"","background-repeat":"repeat","background-position":"center center","background-size":"auto","background-attachment":"scroll","background-type":"","background-media":"","overlay-type":"","overlay-color":"","overlay-opacity":"","overlay-gradient":""},"mobile":{"background-color":"var(--ast-global-color-4)","background-image":"","background-repeat":"repeat","background-position":"center center","background-size":"auto","background-attachment":"scroll","background-type":"","background-media":"","overlay-type":"","overlay-color":"","overlay-opacity":"","overlay-gradient":""}},"footnotes":""},"categories":[4],"tags":[],"class_list":["post-190","post","type-post","status-publish","format-standard","hentry","category-templomi-hirdetmenyek"],"_links":{"self":[{"href":"https:\/\/szephalom.plebania.hu\/index.php\/wp-json\/wp\/v2\/posts\/190","targetHints":{"allow":["GET"]}}],"collection":[{"href":"https:\/\/szephalom.plebania.hu\/index.php\/wp-json\/wp\/v2\/posts"}],"about":[{"href":"https:\/\/szephalom.plebania.hu\/index.php\/wp-json\/wp\/v2\/types\/post"}],"author":[{"embeddable":true,"href":"https:\/\/szephalom.plebania.hu\/index.php\/wp-json\/wp\/v2\/users\/1"}],"replies":[{"embeddable":true,"href":"https:\/\/szephalom.plebania.hu\/index.php\/wp-json\/wp\/v2\/comments?post=190"}],"version-history":[{"count":1,"href":"https:\/\/szephalom.plebania.hu\/index.php\/wp-json\/wp\/v2\/posts\/190\/revisions"}],"predecessor-version":[{"id":191,"href":"https:\/\/szephalom.plebania.hu\/index.php\/wp-json\/wp\/v2\/posts\/190\/revisions\/191"}],"wp:attachment":[{"href":"https:\/\/szephalom.plebania.hu\/index.php\/wp-json\/wp\/v2\/media?parent=190"}],"wp:term":[{"taxonomy":"category","embeddable":true,"href":"https:\/\/szephalom.plebania.hu\/index.php\/wp-json\/wp\/v2\/categories?post=190"},{"taxonomy":"post_tag","embeddable":true,"href":"https:\/\/szephalom.plebania.hu\/index.php\/wp-json\/wp\/v2\/tags?post=190"}],"curies":[{"name":"wp","href":"https:\/\/api.w.org\/{rel}","templated":true}]}}