

{"id":207,"date":"2026-01-20T10:35:54","date_gmt":"2026-01-20T09:35:54","guid":{"rendered":"https:\/\/szephalom.plebania.hu\/?p=207"},"modified":"2026-01-20T10:35:55","modified_gmt":"2026-01-20T09:35:55","slug":"hirdetesek-2026-01-18","status":"publish","type":"post","link":"https:\/\/szephalom.plebania.hu\/index.php\/2026\/01\/20\/hirdetesek-2026-01-18\/","title":{"rendered":"Hirdet\u00e9sek, 2026. 01. 18."},"content":{"rendered":"\n<p><strong><strong>\u00c9vk\u00f6zi 2. vas\u00e1rnap<\/strong><\/strong><\/p>\n\n\n\n<ol class=\"wp-block-list\">\n<li>A szentmis\u00e9k \u00e9s szents\u00e9gim\u00e1d\u00e1sok a szokott rend szerint lesznek megtartva:<\/li>\n<\/ol>\n\n\n\n<p><strong>Vas\u00e1rnap <\/strong>(<em>\u00c9vk\u00f6zi 2. vas\u00e1rnap<\/em>): 9 \u00f3rakor szentmise Sz\u00e9phalmon<\/p>\n\n\n\n<p>&nbsp;&nbsp;&nbsp;&nbsp;&nbsp;&nbsp;&nbsp; 11 \u00f3rakor szentmise \u00d3falun, el\u0151tte r\u00f3zsaf\u00fcz\u00e9rt im\u00e1dkozunk<\/p>\n\n\n\n<p>&nbsp;&nbsp;&nbsp;&nbsp;&nbsp;&nbsp;&nbsp; 18 \u00f3rakor szentmise \u00d3falun<\/p>\n\n\n\n<p><strong>Kedden:<\/strong> 18 \u00f3rakor szentmise Sz\u00e9phalmon<\/p>\n\n\n\n<p><strong>Szerd\u00e1n <\/strong>(<em>Szt. \u00c1gnes sz\u0171z \u00e9s v\u00e9rtan\u00fa<\/em>): 7 \u00f3rakor szentmise \u00d3falun<\/p>\n\n\n\n<p><strong>Cs\u00fct\u00f6rt\u00f6k\u00f6n: <\/strong>18 \u00f3rakor szentmise Sz\u00e9phalmon,<\/p>\n\n\n\n<p><strong>&nbsp;&nbsp;&nbsp;&nbsp;&nbsp;&nbsp;&nbsp;&nbsp;&nbsp;&nbsp;&nbsp;&nbsp;&nbsp;&nbsp;&nbsp;&nbsp;&nbsp;&nbsp;&nbsp;&nbsp;&nbsp;&nbsp; <\/strong>20:30-t\u00f3l szents\u00e9gim\u00e1d\u00e1s \u00d3falun<\/p>\n\n\n\n<p><strong>P\u00e9nteken:<\/strong> 7 \u00f3rakor szentmise \u00d3falun, ut\u00e1na 8:30-ig szents\u00e9gim\u00e1d\u00e1s<\/p>\n\n\n\n<p><strong>Szombaton <\/strong>(<em>Szal\u00e9zi Szt. Ferenc p\u00fcsp\u00f6k \u00e9s egyh\u00e1ztan\u00edt\u00f3)<\/em>: 18 \u00f3rakor szentmise Sz\u00e9phalmon, el\u0151tte r\u00f3zsaf\u00fcz\u00e9rt im\u00e1dkozunk<\/p>\n\n\n\n<p><strong>Vas\u00e1rnap <\/strong>(<em>\u00c9vk\u00f6zi 3. vas\u00e1rnap, Isten Ig\u00e9j\u00e9nek vas\u00e1rnapja<\/em>):<\/p>\n\n\n\n<p><strong>&nbsp;&nbsp;&nbsp;&nbsp;&nbsp;&nbsp;&nbsp;&nbsp;&nbsp; <\/strong>9 \u00f3rakor szentmise Sz\u00e9phalmon<\/p>\n\n\n\n<p>&nbsp;&nbsp;&nbsp;&nbsp;&nbsp;&nbsp;&nbsp; 11 \u00f3rakor szentmise \u00d3falun, el\u0151tte r\u00f3zsaf\u00fcz\u00e9rt im\u00e1dkozunk<\/p>\n\n\n\n<ol class=\"wp-block-list\">\n<li>\u00f3rakor szentmise \u00d3falun<\/li>\n<\/ol>\n\n\n\n<ul class=\"wp-block-list\">\n<li>22-\u00e9n, cs\u00fct\u00f6rt\u00f6k\u00f6n a <strong>sz\u00e9pkor\u00faak \u00f6sszej\u00f6vetele <\/strong>lesz 10 \u00f3r\u00e1t\u00f3l Sz\u00e9phalmon. Ugyanezen a napon, 22-\u00e9n <strong>Szt. Rita-imak\u00f6r <\/strong>is lesz.<\/li>\n\n\n\n<li><strong>Lak\u00e1sszentel\u00e9s: <\/strong><strong>V\u00edzkereszt \u00fcnnep\u00e9hez hagyom\u00e1nyos m\u00f3don k\u00f6t\u0151dnek a h\u00e1z- illetve lak\u00e1sszentel\u00e9sek.<\/strong><strong> <\/strong><strong>Akik szeretn\u00e9k meg\u00e1ldatni otthonukat, k\u00e9rem, jelezz\u00e9k ezt<\/strong> a sekresty\u00e9ben vagy irodai id\u0151ben a pl\u00e9b\u00e1ni\u00e1n n\u00e9v, c\u00edm, telefonsz\u00e1m megad\u00e1s\u00e1val. A l\u00e1togat\u00e1s idej\u00e9t telefonon egyeztetj\u00fck.<\/li>\n\n\n\n<li>Az <strong>\u00f6kumenikus imah\u00e9t<\/strong> janu\u00e1r 18-25-ig tart. R\u00e9szletek az \u00d6kumenikus Iskola honlapj\u00e1n tal\u00e1lhat\u00f3k.<\/li>\n\n\n\n<li>Febru\u00e1r 14-\u00e9n, szombaton <strong>pl\u00e9b\u00e1niai farsang <\/strong>lesz. Jegyek m\u00e1r kaphat\u00f3k a szentmis\u00e9k ut\u00e1n.<\/li>\n<\/ul>\n\n\n\n<p>Isten \u00e9ltessen mindenkit, aki a h\u00e9ten \u00fcnnepli n\u00e9vnapj\u00e1t, sz\u00fclet\u00e9snapj\u00e1t vagy h\u00e1zass\u00e1gi \u00e9vfordul\u00f3j\u00e1t! <strong><\/strong><\/p>\n","protected":false},"excerpt":{"rendered":"<p>\u00c9vk\u00f6zi 2. vas\u00e1rnap Vas\u00e1rnap (\u00c9vk\u00f6zi 2. vas\u00e1rnap): 9 \u00f3rakor szentmise Sz\u00e9phalmon &nbsp;&nbsp;&nbsp;&nbsp;&nbsp;&nbsp;&nbsp; 11 \u00f3rakor szentmise \u00d3falun, el\u0151tte r\u00f3zsaf\u00fcz\u00e9rt im\u00e1dkozunk &nbsp;&nbsp;&nbsp;&nbsp;&nbsp;&nbsp;&nbsp; [&hellip;]<\/p>\n","protected":false},"author":1,"featured_media":0,"comment_status":"closed","ping_status":"open","sticky":false,"template":"","format":"standard","meta":{"site-sidebar-layout":"default","site-content-layout":"","ast-site-content-layout":"default","site-content-style":"default","site-sidebar-style":"default","ast-global-header-display":"","ast-banner-title-visibility":"","ast-main-header-display":"","ast-hfb-above-header-display":"","ast-hfb-below-header-display":"","ast-hfb-mobile-header-display":"","site-post-title":"","ast-breadcrumbs-content":"","ast-featured-img":"","footer-sml-layout":"","ast-disable-related-posts":"","theme-transparent-header-meta":"","adv-header-id-meta":"","stick-header-meta":"","header-above-stick-meta":"","header-main-stick-meta":"","header-below-stick-meta":"","astra-migrate-meta-layouts":"default","ast-page-background-enabled":"default","ast-page-background-meta":{"desktop":{"background-color":"var(--ast-global-color-5)","background-image":"","background-repeat":"repeat","background-position":"center center","background-size":"auto","background-attachment":"scroll","background-type":"","background-media":"","overlay-type":"","overlay-color":"","overlay-opacity":"","overlay-gradient":""},"tablet":{"background-color":"","background-image":"","background-repeat":"repeat","background-position":"center center","background-size":"auto","background-attachment":"scroll","background-type":"","background-media":"","overlay-type":"","overlay-color":"","overlay-opacity":"","overlay-gradient":""},"mobile":{"background-color":"","background-image":"","background-repeat":"repeat","background-position":"center center","background-size":"auto","background-attachment":"scroll","background-type":"","background-media":"","overlay-type":"","overlay-color":"","overlay-opacity":"","overlay-gradient":""}},"ast-content-background-meta":{"desktop":{"background-color":"var(--ast-global-color-4)","background-image":"","background-repeat":"repeat","background-position":"center center","background-size":"auto","background-attachment":"scroll","background-type":"","background-media":"","overlay-type":"","overlay-color":"","overlay-opacity":"","overlay-gradient":""},"tablet":{"background-color":"var(--ast-global-color-4)","background-image":"","background-repeat":"repeat","background-position":"center center","background-size":"auto","background-attachment":"scroll","background-type":"","background-media":"","overlay-type":"","overlay-color":"","overlay-opacity":"","overlay-gradient":""},"mobile":{"background-color":"var(--ast-global-color-4)","background-image":"","background-repeat":"repeat","background-position":"center center","background-size":"auto","background-attachment":"scroll","background-type":"","background-media":"","overlay-type":"","overlay-color":"","overlay-opacity":"","overlay-gradient":""}},"footnotes":""},"categories":[4],"tags":[],"class_list":["post-207","post","type-post","status-publish","format-standard","hentry","category-templomi-hirdetmenyek"],"_links":{"self":[{"href":"https:\/\/szephalom.plebania.hu\/index.php\/wp-json\/wp\/v2\/posts\/207","targetHints":{"allow":["GET"]}}],"collection":[{"href":"https:\/\/szephalom.plebania.hu\/index.php\/wp-json\/wp\/v2\/posts"}],"about":[{"href":"https:\/\/szephalom.plebania.hu\/index.php\/wp-json\/wp\/v2\/types\/post"}],"author":[{"embeddable":true,"href":"https:\/\/szephalom.plebania.hu\/index.php\/wp-json\/wp\/v2\/users\/1"}],"replies":[{"embeddable":true,"href":"https:\/\/szephalom.plebania.hu\/index.php\/wp-json\/wp\/v2\/comments?post=207"}],"version-history":[{"count":1,"href":"https:\/\/szephalom.plebania.hu\/index.php\/wp-json\/wp\/v2\/posts\/207\/revisions"}],"predecessor-version":[{"id":208,"href":"https:\/\/szephalom.plebania.hu\/index.php\/wp-json\/wp\/v2\/posts\/207\/revisions\/208"}],"wp:attachment":[{"href":"https:\/\/szephalom.plebania.hu\/index.php\/wp-json\/wp\/v2\/media?parent=207"}],"wp:term":[{"taxonomy":"category","embeddable":true,"href":"https:\/\/szephalom.plebania.hu\/index.php\/wp-json\/wp\/v2\/categories?post=207"},{"taxonomy":"post_tag","embeddable":true,"href":"https:\/\/szephalom.plebania.hu\/index.php\/wp-json\/wp\/v2\/tags?post=207"}],"curies":[{"name":"wp","href":"https:\/\/api.w.org\/{rel}","templated":true}]}}