

{"id":215,"date":"2026-03-01T13:27:52","date_gmt":"2026-03-01T12:27:52","guid":{"rendered":"https:\/\/szephalom.plebania.hu\/?p=215"},"modified":"2026-03-01T13:33:51","modified_gmt":"2026-03-01T12:33:51","slug":"hirdetesek-2026-03-01","status":"publish","type":"post","link":"https:\/\/szephalom.plebania.hu\/index.php\/2026\/03\/01\/hirdetesek-2026-03-01\/","title":{"rendered":"Hirdet\u00e9sek, 2026. 03. 01."},"content":{"rendered":"\n<p><strong>Nagyb\u00f6jt 2. vas\u00e1rnapja<\/strong><\/p>\n\n\n\n<ol class=\"wp-block-list\">\n<li>Ezen a h\u00e9ten a szentmis\u00e9k \u00e9s szents\u00e9gim\u00e1d\u00e1sok a szokott rend szerint lesznek megtartva.<\/li>\n\n\n\n<li>M\u00e1rc. 5-\u00e9n, cs\u00fct\u00f6rt\u00f6k\u00f6n a <strong>Sz\u00e9pkor\u00faak<\/strong> \u00f6sszej\u00f6vetele lesz Sz\u00e9phalmon.<\/li>\n\n\n\n<li>M\u00e1rc. 6-\u00e1n, p\u00e9nteken <strong>els\u0151p\u00e9ntek<\/strong>: 18 \u00f3rakor <strong>szentmise<\/strong> lesz Sz\u00e9phalmon, majd <strong>J\u00e9zus Sz\u00edve lit\u00e1ni\u00e1t<\/strong> im\u00e1dkozunk, 19 \u00f3rakor pedig <strong>keresztutat <\/strong>j\u00e1runk.<\/li>\n\n\n\n<li>M\u00e1rc. 12-\u00e9n, cs\u00fct\u00f6rt\u00f6k\u00f6n <strong>eg\u00e9sznapos szents\u00e9gim\u00e1d\u00e1s <\/strong>lesz templomunkban, 8-18 \u00f3r\u00e1ig. Aki tud v\u00e1llalni 1-1 \u00f3ra szents\u00e9g\u0151rz\u00e9st, a kitett t\u00e1bl\u00e1zatban legyen sz\u00edves jelezni.<\/li>\n\n\n\n<li>M\u00e1rcius 21-\u00e9n <strong>zar\u00e1ndoklatra<\/strong> megy\u00fcnk Andocsra. Jelentkezni lehet a sekresty\u00e9ben vagy az irod\u00e1ban, 10.000 Ft el\u0151leg befizet\u00e9s\u00e9vel. (A teljes k\u00f6lts\u00e9g 15.000 Ft lesz.)<\/li>\n\n\n\n<li>K\u00e9t t\u00e1volabbi program, amit \u00e9rdemes feljegyezni a napt\u00e1runkba: <strong>pl\u00e9b\u00e1niai t\u00e1bor: <\/strong>07.9-12-ig; <strong>\u0151szi lelkigyakorlat<\/strong> M\u00e1travereb\u00e9ly-Szentk\u00faton Barsi Bal\u00e1zs aty\u00e1val: 09. 11-13.<\/li>\n\n\n\n<li><strong>A mai vas\u00e1rnap estig (<\/strong>Nagyb\u00f6jt 2. vas\u00e1rnapja) tart a gy\u0171jt\u00e9s <strong>K\u00e1rp\u00e1talja <\/strong>jav\u00e1ra. Adom\u00e1nyainkat a <strong>Katolikus Karit\u00e1sz <\/strong>sz\u00e1mlasz\u00e1m\u00e1ra is utalhatjuk: <strong>10701094-76228861-51100005<\/strong><\/li>\n<\/ol>\n\n\n\n<p>A <strong>k\u00f6zlem\u00e9nyben<\/strong> k\u00e9rj\u00fck felt\u00fcntetni: \u201e<strong>K\u00e1rp\u00e1talja\u201d.<\/strong><\/p>\n\n\n\n<ol start=\"8\" class=\"wp-block-list\">\n<li>K\u00f6sz\u00f6nj\u00fck mindazoknak, akik a m\u00falt vas\u00e1rnapi gy\u0171jt\u00e9s alkalm\u00e1val t\u00e1mogatt\u00e1k a katolikus iskol\u00e1kat!<\/li>\n<\/ol>\n\n\n\n<p>Isten \u00e9ltessen mindenkit, aki a h\u00e9ten \u00fcnnepli n\u00e9vnapj\u00e1t, sz\u00fclet\u00e9snapj\u00e1t vagy h\u00e1zass\u00e1gi \u00e9vfordul\u00f3j\u00e1t!<\/p>\n","protected":false},"excerpt":{"rendered":"<p>Nagyb\u00f6jt 2. vas\u00e1rnapja A k\u00f6zlem\u00e9nyben k\u00e9rj\u00fck felt\u00fcntetni: \u201eK\u00e1rp\u00e1talja\u201d. Isten \u00e9ltessen mindenkit, aki a h\u00e9ten \u00fcnnepli n\u00e9vnapj\u00e1t, sz\u00fclet\u00e9snapj\u00e1t vagy h\u00e1zass\u00e1gi \u00e9vfordul\u00f3j\u00e1t!<\/p>\n","protected":false},"author":1,"featured_media":0,"comment_status":"closed","ping_status":"open","sticky":false,"template":"","format":"standard","meta":{"site-sidebar-layout":"default","site-content-layout":"","ast-site-content-layout":"default","site-content-style":"default","site-sidebar-style":"default","ast-global-header-display":"","ast-banner-title-visibility":"","ast-main-header-display":"","ast-hfb-above-header-display":"","ast-hfb-below-header-display":"","ast-hfb-mobile-header-display":"","site-post-title":"","ast-breadcrumbs-content":"","ast-featured-img":"","footer-sml-layout":"","ast-disable-related-posts":"","theme-transparent-header-meta":"","adv-header-id-meta":"","stick-header-meta":"","header-above-stick-meta":"","header-main-stick-meta":"","header-below-stick-meta":"","astra-migrate-meta-layouts":"default","ast-page-background-enabled":"default","ast-page-background-meta":{"desktop":{"background-color":"var(--ast-global-color-5)","background-image":"","background-repeat":"repeat","background-position":"center center","background-size":"auto","background-attachment":"scroll","background-type":"","background-media":"","overlay-type":"","overlay-color":"","overlay-opacity":"","overlay-gradient":""},"tablet":{"background-color":"","background-image":"","background-repeat":"repeat","background-position":"center center","background-size":"auto","background-attachment":"scroll","background-type":"","background-media":"","overlay-type":"","overlay-color":"","overlay-opacity":"","overlay-gradient":""},"mobile":{"background-color":"","background-image":"","background-repeat":"repeat","background-position":"center center","background-size":"auto","background-attachment":"scroll","background-type":"","background-media":"","overlay-type":"","overlay-color":"","overlay-opacity":"","overlay-gradient":""}},"ast-content-background-meta":{"desktop":{"background-color":"var(--ast-global-color-4)","background-image":"","background-repeat":"repeat","background-position":"center center","background-size":"auto","background-attachment":"scroll","background-type":"","background-media":"","overlay-type":"","overlay-color":"","overlay-opacity":"","overlay-gradient":""},"tablet":{"background-color":"var(--ast-global-color-4)","background-image":"","background-repeat":"repeat","background-position":"center center","background-size":"auto","background-attachment":"scroll","background-type":"","background-media":"","overlay-type":"","overlay-color":"","overlay-opacity":"","overlay-gradient":""},"mobile":{"background-color":"var(--ast-global-color-4)","background-image":"","background-repeat":"repeat","background-position":"center center","background-size":"auto","background-attachment":"scroll","background-type":"","background-media":"","overlay-type":"","overlay-color":"","overlay-opacity":"","overlay-gradient":""}},"footnotes":""},"categories":[4],"tags":[],"class_list":["post-215","post","type-post","status-publish","format-standard","hentry","category-templomi-hirdetmenyek"],"_links":{"self":[{"href":"https:\/\/szephalom.plebania.hu\/index.php\/wp-json\/wp\/v2\/posts\/215","targetHints":{"allow":["GET"]}}],"collection":[{"href":"https:\/\/szephalom.plebania.hu\/index.php\/wp-json\/wp\/v2\/posts"}],"about":[{"href":"https:\/\/szephalom.plebania.hu\/index.php\/wp-json\/wp\/v2\/types\/post"}],"author":[{"embeddable":true,"href":"https:\/\/szephalom.plebania.hu\/index.php\/wp-json\/wp\/v2\/users\/1"}],"replies":[{"embeddable":true,"href":"https:\/\/szephalom.plebania.hu\/index.php\/wp-json\/wp\/v2\/comments?post=215"}],"version-history":[{"count":1,"href":"https:\/\/szephalom.plebania.hu\/index.php\/wp-json\/wp\/v2\/posts\/215\/revisions"}],"predecessor-version":[{"id":216,"href":"https:\/\/szephalom.plebania.hu\/index.php\/wp-json\/wp\/v2\/posts\/215\/revisions\/216"}],"wp:attachment":[{"href":"https:\/\/szephalom.plebania.hu\/index.php\/wp-json\/wp\/v2\/media?parent=215"}],"wp:term":[{"taxonomy":"category","embeddable":true,"href":"https:\/\/szephalom.plebania.hu\/index.php\/wp-json\/wp\/v2\/categories?post=215"},{"taxonomy":"post_tag","embeddable":true,"href":"https:\/\/szephalom.plebania.hu\/index.php\/wp-json\/wp\/v2\/tags?post=215"}],"curies":[{"name":"wp","href":"https:\/\/api.w.org\/{rel}","templated":true}]}}