

{"id":218,"date":"2026-03-10T22:21:01","date_gmt":"2026-03-10T21:21:01","guid":{"rendered":"https:\/\/szephalom.plebania.hu\/?p=218"},"modified":"2026-03-10T22:21:01","modified_gmt":"2026-03-10T21:21:01","slug":"hirdetesek-2026-03-08","status":"publish","type":"post","link":"https:\/\/szephalom.plebania.hu\/index.php\/2026\/03\/10\/hirdetesek-2026-03-08\/","title":{"rendered":"Hirdet\u00e9sek, 2026. 03. 08."},"content":{"rendered":"\n<p>N<strong>agyb\u00f6jt 3. vas\u00e1rnapja<\/strong><\/p>\n\n\n\n<ol class=\"wp-block-list\">\n<li>Ezen a h\u00e9ten a szentmis\u00e9k \u00e9s szents\u00e9gim\u00e1d\u00e1sok a szokott rend szerint lesznek megtartva.<\/li>\n\n\n\n<li>P\u00e9ntekenk\u00e9nt 19 \u00f3r\u00e1t\u00f3l <strong>keresztutat<\/strong> j\u00e1runk a sz\u00e9phalmi templomban.<\/li>\n\n\n\n<li>M\u00e1rc. 12-\u00e9n, cs\u00fct\u00f6rt\u00f6k\u00f6n <strong>eg\u00e9sznapos szents\u00e9gim\u00e1d\u00e1s lesz <\/strong>templomunkban, 8-18 \u00f3r\u00e1ig.<\/li>\n\n\n\n<li>M\u00e1rc. 13-\u00e1n, p\u00e9nteken, a kereszt\u00fat ut\u00e1n ism\u00e9t lesz lehet\u0151s\u00e9g arra, hogy a <strong>\u201eBiblia egy \u00e9v alatt\u201d<\/strong> program alatt felmer\u00fclt <strong>k\u00e9rd\u00e9seinkre<\/strong> v\u00e1laszt kapjunk. A k\u00e9rd\u00e9seket \u00e9rdemes el\u0151re le\u00edrva hozni magunkkal.<\/li>\n\n\n\n<li>M\u00e1rc. 15-\u00e9n, a 9 \u00f3rai szentmise ut\u00e1n az <strong>ifj\u00fa h\u00e1zasok \u00f6sszej\u00f6vetele<\/strong> lesz Sz\u00e9phalmon.<\/li>\n\n\n\n<li>M\u00e1rcius 21-\u00e9n <strong>zar\u00e1ndoklatra<\/strong> megy\u00fcnk Andocsra. Jelentkezni <strong>a mai vas\u00e1rnap estig (03.08.) <\/strong>lehet a sekresty\u00e9ben, 10.000 Ft el\u0151leg befizet\u00e9s\u00e9vel. (A teljes k\u00f6lts\u00e9g 15.000 Ft lesz.)<\/li>\n\n\n\n<li>Nagyb\u00f6jti <strong>tart\u00f3s\u00e9lelmiszer-gy\u0171jt\u00e9s<\/strong> lesz templomunkban m\u00e1rc. 15-22-ig. (R\u00e9szletek a k\u00f6rlev\u00e9lben olvashat\u00f3k.)<\/li>\n\n\n\n<li>M\u00e1rc. 26-\u00e1n, cs\u00fct\u00f6rt\u00f6k\u00f6n 16-19 \u00f3r\u00e1ig a k\u00f6rny\u00e9kbeli pl\u00e9b\u00e1ni\u00e1k <strong>k\u00f6z\u00f6s b\u0171nb\u00e1nati alkalma<\/strong> lesz a M\u00e1riaremetei bazilik\u00e1ban, dics\u0151\u00edt\u00e9ssel \u00e9s szentgy\u00f3n\u00e1si lehet\u0151s\u00e9ggel.<\/li>\n<\/ol>\n\n\n\n<p>Isten \u00e9ltessen mindenkit, aki a h\u00e9ten \u00fcnnepli n\u00e9vnapj\u00e1t, sz\u00fclet\u00e9snapj\u00e1t vagy h\u00e1zass\u00e1gi \u00e9vfordul\u00f3j\u00e1t!<\/p>\n","protected":false},"excerpt":{"rendered":"<p>Nagyb\u00f6jt 3. vas\u00e1rnapja Isten \u00e9ltessen mindenkit, aki a h\u00e9ten \u00fcnnepli n\u00e9vnapj\u00e1t, sz\u00fclet\u00e9snapj\u00e1t vagy h\u00e1zass\u00e1gi \u00e9vfordul\u00f3j\u00e1t!<\/p>\n","protected":false},"author":1,"featured_media":0,"comment_status":"closed","ping_status":"open","sticky":false,"template":"","format":"standard","meta":{"site-sidebar-layout":"default","site-content-layout":"","ast-site-content-layout":"default","site-content-style":"default","site-sidebar-style":"default","ast-global-header-display":"","ast-banner-title-visibility":"","ast-main-header-display":"","ast-hfb-above-header-display":"","ast-hfb-below-header-display":"","ast-hfb-mobile-header-display":"","site-post-title":"","ast-breadcrumbs-content":"","ast-featured-img":"","footer-sml-layout":"","ast-disable-related-posts":"","theme-transparent-header-meta":"","adv-header-id-meta":"","stick-header-meta":"","header-above-stick-meta":"","header-main-stick-meta":"","header-below-stick-meta":"","astra-migrate-meta-layouts":"default","ast-page-background-enabled":"default","ast-page-background-meta":{"desktop":{"background-color":"var(--ast-global-color-5)","background-image":"","background-repeat":"repeat","background-position":"center center","background-size":"auto","background-attachment":"scroll","background-type":"","background-media":"","overlay-type":"","overlay-color":"","overlay-opacity":"","overlay-gradient":""},"tablet":{"background-color":"","background-image":"","background-repeat":"repeat","background-position":"center center","background-size":"auto","background-attachment":"scroll","background-type":"","background-media":"","overlay-type":"","overlay-color":"","overlay-opacity":"","overlay-gradient":""},"mobile":{"background-color":"","background-image":"","background-repeat":"repeat","background-position":"center center","background-size":"auto","background-attachment":"scroll","background-type":"","background-media":"","overlay-type":"","overlay-color":"","overlay-opacity":"","overlay-gradient":""}},"ast-content-background-meta":{"desktop":{"background-color":"var(--ast-global-color-4)","background-image":"","background-repeat":"repeat","background-position":"center center","background-size":"auto","background-attachment":"scroll","background-type":"","background-media":"","overlay-type":"","overlay-color":"","overlay-opacity":"","overlay-gradient":""},"tablet":{"background-color":"var(--ast-global-color-4)","background-image":"","background-repeat":"repeat","background-position":"center center","background-size":"auto","background-attachment":"scroll","background-type":"","background-media":"","overlay-type":"","overlay-color":"","overlay-opacity":"","overlay-gradient":""},"mobile":{"background-color":"var(--ast-global-color-4)","background-image":"","background-repeat":"repeat","background-position":"center center","background-size":"auto","background-attachment":"scroll","background-type":"","background-media":"","overlay-type":"","overlay-color":"","overlay-opacity":"","overlay-gradient":""}},"footnotes":""},"categories":[4],"tags":[],"class_list":["post-218","post","type-post","status-publish","format-standard","hentry","category-templomi-hirdetmenyek"],"_links":{"self":[{"href":"https:\/\/szephalom.plebania.hu\/index.php\/wp-json\/wp\/v2\/posts\/218","targetHints":{"allow":["GET"]}}],"collection":[{"href":"https:\/\/szephalom.plebania.hu\/index.php\/wp-json\/wp\/v2\/posts"}],"about":[{"href":"https:\/\/szephalom.plebania.hu\/index.php\/wp-json\/wp\/v2\/types\/post"}],"author":[{"embeddable":true,"href":"https:\/\/szephalom.plebania.hu\/index.php\/wp-json\/wp\/v2\/users\/1"}],"replies":[{"embeddable":true,"href":"https:\/\/szephalom.plebania.hu\/index.php\/wp-json\/wp\/v2\/comments?post=218"}],"version-history":[{"count":1,"href":"https:\/\/szephalom.plebania.hu\/index.php\/wp-json\/wp\/v2\/posts\/218\/revisions"}],"predecessor-version":[{"id":219,"href":"https:\/\/szephalom.plebania.hu\/index.php\/wp-json\/wp\/v2\/posts\/218\/revisions\/219"}],"wp:attachment":[{"href":"https:\/\/szephalom.plebania.hu\/index.php\/wp-json\/wp\/v2\/media?parent=218"}],"wp:term":[{"taxonomy":"category","embeddable":true,"href":"https:\/\/szephalom.plebania.hu\/index.php\/wp-json\/wp\/v2\/categories?post=218"},{"taxonomy":"post_tag","embeddable":true,"href":"https:\/\/szephalom.plebania.hu\/index.php\/wp-json\/wp\/v2\/tags?post=218"}],"curies":[{"name":"wp","href":"https:\/\/api.w.org\/{rel}","templated":true}]}}