

{"id":235,"date":"2026-04-20T17:18:47","date_gmt":"2026-04-20T15:18:47","guid":{"rendered":"https:\/\/szephalom.plebania.hu\/?p=235"},"modified":"2026-04-20T17:18:48","modified_gmt":"2026-04-20T15:18:48","slug":"hirdetesek-2026-04-19","status":"publish","type":"post","link":"https:\/\/szephalom.plebania.hu\/index.php\/2026\/04\/20\/hirdetesek-2026-04-19\/","title":{"rendered":"Hirdet\u00e9sek, 2026. 04. 19."},"content":{"rendered":"\n<p><strong>H\u00fasv\u00e9t 3. vas\u00e1rnapja<\/strong><\/p>\n\n\n\n<p>1. Ezen a h\u00e9ten a szentmis\u00e9k \u00e9s szents\u00e9gim\u00e1d\u00e1sok a szokott rend szerint lesznek megtartva:<\/p>\n\n\n\n<ul class=\"wp-block-list\">\n<li>Kedden: 18 \u00f3rakor szentmise Sz\u00e9phalmon<\/li>\n\n\n\n<li>Szerd\u00e1n: 7 \u00f3rakor szentmise \u00d3falun<\/li>\n\n\n\n<li>Cs\u00fct\u00f6rt\u00f6k\u00f6n (<strong><em>Szt. Adalbert p\u00fcsp\u00f6k \u00e9s v\u00e9rtan\u00fa \u00fcnnepe<\/em><\/strong><em>)<\/em>:<\/li>\n\n\n\n<li>18 \u00f3rakor szentmise Sz\u00e9phalmon,<\/li>\n\n\n\n<li>20:30-t\u00f3l szents\u00e9gim\u00e1d\u00e1s \u00d3falun<\/li>\n\n\n\n<li>P\u00e9nteken: 7 \u00f3rakor szentmise \u00d3falun, ut\u00e1na 8:30-ig szents\u00e9gim\u00e1d\u00e1s<\/li>\n\n\n\n<li>Szombaton (<em>Szt. M\u00e1rk evang\u00e9lista \u00fcnnepe<\/em>):18 \u00f3rakor szentmise Sz\u00e9phalmon, el\u0151tte \u00bd 6-t\u00f3l k\u00f6z\u00f6s r\u00f3zsaf\u00fcz\u00e9r<\/li>\n<\/ul>\n\n\n\n<p>2. Vas\u00e1rnap <em>(H\u00fasv\u00e9t 4. vas\u00e1rnapja, J\u00f3 P\u00e1sztor vas\u00e1rnapja<\/em><em>)<\/em>:<\/p>\n\n\n\n<ul class=\"wp-block-list\">\n<li>9 \u00f3rakor szentmise Sz\u00e9phalmon,<\/li>\n\n\n\n<li>11 \u00f3rakor szentmise \u00d3falun, el\u0151tte \u00bd 11-t\u0151l k\u00f6z\u00f6s r\u00f3zsaf\u00fcz\u00e9r;<\/li>\n\n\n\n<li>18 \u00f3rakor szentmise \u00d3falun<\/li>\n<\/ul>\n\n\n\n<p>3.Kedden 21.-\u00e9n, 18 \u00f3r\u00e1t\u00f3l <strong>Szent J\u00f3zsef-est<\/strong> lesz. V\u00e1rjuk a f\u00e9rfiakat, \u00e9desap\u00e1kat.<\/p>\n\n\n\n<p>4. Szerd\u00e1n 22.-\u00e1n, este 18 \u00f3r\u00e1t\u00f3l <strong>Szent Rita-imak\u00f6r<\/strong> lesz Sz\u00e9phalmon.<\/p>\n\n\n\n<p>5. Vas\u00e1rnap a 9-es szentmise ut\u00e1n <strong>fiatal h\u00e1zasok \u00f6sszej\u00f6vetele<\/strong> lesz.<\/p>\n\n\n\n<p><strong>N\u00e9h\u00e1ny k\u00f6zelg\u0151 esem\u00e9ny:<\/strong><\/p>\n\n\n\n<p>m\u00e1jus 2-\u00e1n, szombaton: orsz\u00e1gos Mindszenty zar\u00e1ndoklat<\/p>\n\n\n\n<p>m\u00e1jus 9-\u00e9n, szombaton: \u00c9l\u0151 r\u00f3zsaf\u00fcz\u00e9r zar\u00e1ndoklat<\/p>\n\n\n\n<p>m\u00e1jus 16-\u00e1n, szombaton: Mazzarello M\u00e1ria \u00fcnnepe<\/p>\n\n\n\n<p>Minden kedves testv\u00e9r\u00fcnknek kegyelmekben gazdag h\u00fasv\u00e9tot k\u00edv\u00e1nunk!<\/p>\n\n\n\n<p><strong>krisztus felt\u00e1madt!<\/strong><strong> Alleluja!<\/strong><strong><\/strong><\/p>\n\n\n\n<p><strong>Val\u00f3ban felt\u00e1madt!<\/strong><strong> Alleluja!<\/strong><strong><\/strong><\/p>\n\n\n\n<p><\/p>\n","protected":false},"excerpt":{"rendered":"<p>H\u00fasv\u00e9t 3. vas\u00e1rnapja 1. Ezen a h\u00e9ten a szentmis\u00e9k \u00e9s szents\u00e9gim\u00e1d\u00e1sok a szokott rend szerint lesznek megtartva: 2. Vas\u00e1rnap (H\u00fasv\u00e9t [&hellip;]<\/p>\n","protected":false},"author":1,"featured_media":0,"comment_status":"closed","ping_status":"open","sticky":false,"template":"","format":"standard","meta":{"site-sidebar-layout":"default","site-content-layout":"","ast-site-content-layout":"default","site-content-style":"default","site-sidebar-style":"default","ast-global-header-display":"","ast-banner-title-visibility":"","ast-main-header-display":"","ast-hfb-above-header-display":"","ast-hfb-below-header-display":"","ast-hfb-mobile-header-display":"","site-post-title":"","ast-breadcrumbs-content":"","ast-featured-img":"","footer-sml-layout":"","ast-disable-related-posts":"","theme-transparent-header-meta":"","adv-header-id-meta":"","stick-header-meta":"","header-above-stick-meta":"","header-main-stick-meta":"","header-below-stick-meta":"","astra-migrate-meta-layouts":"default","ast-page-background-enabled":"default","ast-page-background-meta":{"desktop":{"background-color":"var(--ast-global-color-5)","background-image":"","background-repeat":"repeat","background-position":"center center","background-size":"auto","background-attachment":"scroll","background-type":"","background-media":"","overlay-type":"","overlay-color":"","overlay-opacity":"","overlay-gradient":""},"tablet":{"background-color":"","background-image":"","background-repeat":"repeat","background-position":"center center","background-size":"auto","background-attachment":"scroll","background-type":"","background-media":"","overlay-type":"","overlay-color":"","overlay-opacity":"","overlay-gradient":""},"mobile":{"background-color":"","background-image":"","background-repeat":"repeat","background-position":"center center","background-size":"auto","background-attachment":"scroll","background-type":"","background-media":"","overlay-type":"","overlay-color":"","overlay-opacity":"","overlay-gradient":""}},"ast-content-background-meta":{"desktop":{"background-color":"var(--ast-global-color-4)","background-image":"","background-repeat":"repeat","background-position":"center center","background-size":"auto","background-attachment":"scroll","background-type":"","background-media":"","overlay-type":"","overlay-color":"","overlay-opacity":"","overlay-gradient":""},"tablet":{"background-color":"var(--ast-global-color-4)","background-image":"","background-repeat":"repeat","background-position":"center center","background-size":"auto","background-attachment":"scroll","background-type":"","background-media":"","overlay-type":"","overlay-color":"","overlay-opacity":"","overlay-gradient":""},"mobile":{"background-color":"var(--ast-global-color-4)","background-image":"","background-repeat":"repeat","background-position":"center center","background-size":"auto","background-attachment":"scroll","background-type":"","background-media":"","overlay-type":"","overlay-color":"","overlay-opacity":"","overlay-gradient":""}},"footnotes":""},"categories":[4],"tags":[],"class_list":["post-235","post","type-post","status-publish","format-standard","hentry","category-templomi-hirdetmenyek"],"_links":{"self":[{"href":"https:\/\/szephalom.plebania.hu\/index.php\/wp-json\/wp\/v2\/posts\/235","targetHints":{"allow":["GET"]}}],"collection":[{"href":"https:\/\/szephalom.plebania.hu\/index.php\/wp-json\/wp\/v2\/posts"}],"about":[{"href":"https:\/\/szephalom.plebania.hu\/index.php\/wp-json\/wp\/v2\/types\/post"}],"author":[{"embeddable":true,"href":"https:\/\/szephalom.plebania.hu\/index.php\/wp-json\/wp\/v2\/users\/1"}],"replies":[{"embeddable":true,"href":"https:\/\/szephalom.plebania.hu\/index.php\/wp-json\/wp\/v2\/comments?post=235"}],"version-history":[{"count":1,"href":"https:\/\/szephalom.plebania.hu\/index.php\/wp-json\/wp\/v2\/posts\/235\/revisions"}],"predecessor-version":[{"id":236,"href":"https:\/\/szephalom.plebania.hu\/index.php\/wp-json\/wp\/v2\/posts\/235\/revisions\/236"}],"wp:attachment":[{"href":"https:\/\/szephalom.plebania.hu\/index.php\/wp-json\/wp\/v2\/media?parent=235"}],"wp:term":[{"taxonomy":"category","embeddable":true,"href":"https:\/\/szephalom.plebania.hu\/index.php\/wp-json\/wp\/v2\/categories?post=235"},{"taxonomy":"post_tag","embeddable":true,"href":"https:\/\/szephalom.plebania.hu\/index.php\/wp-json\/wp\/v2\/tags?post=235"}],"curies":[{"name":"wp","href":"https:\/\/api.w.org\/{rel}","templated":true}]}}