

{"id":238,"date":"2026-04-28T14:12:23","date_gmt":"2026-04-28T12:12:23","guid":{"rendered":"https:\/\/szephalom.plebania.hu\/?p=238"},"modified":"2026-04-28T14:12:24","modified_gmt":"2026-04-28T12:12:24","slug":"hirdetesek-2026-04-26","status":"publish","type":"post","link":"https:\/\/szephalom.plebania.hu\/index.php\/2026\/04\/28\/hirdetesek-2026-04-26\/","title":{"rendered":"Hirdet\u00e9sek, 2026. 04. 26."},"content":{"rendered":"\n<p><strong>H\u00fasv\u00e9t 4. vas\u00e1rnapja<\/strong>, <strong>J\u00f3 P\u00e1sztor vas\u00e1rnapja<\/strong><\/p>\n\n\n\n<ol class=\"wp-block-list\">\n<li>Ezen a h\u00e9ten templomaink programja a k\u00f6vetkez\u0151k\u00e9ppen alakul:<\/li>\n<\/ol>\n\n\n\n<p><strong>&nbsp;&nbsp;&nbsp;&nbsp;&nbsp;&nbsp;&nbsp;&nbsp;&nbsp;&nbsp;&nbsp;&nbsp;&nbsp;&nbsp;&nbsp;&nbsp;&nbsp;&nbsp;&nbsp;&nbsp;&nbsp; Kedden<\/strong>: 18 \u00f3rakor szentmise Sz\u00e9phalmon<\/p>\n\n\n\n<p><strong>&nbsp;&nbsp;&nbsp;&nbsp;&nbsp;&nbsp;&nbsp;&nbsp;&nbsp;&nbsp;&nbsp;&nbsp;&nbsp;&nbsp;&nbsp;&nbsp;&nbsp;&nbsp;&nbsp;&nbsp;&nbsp;&nbsp; Szerd\u00e1n <\/strong>(<em>Sienai Szt. Katalin sz\u0171z \u00e9s egyh\u00e1ztan\u00edt\u00f3, Eur\u00f3pa t\u00e1rsv\u00e9d\u0151szentje)<\/em>:<\/p>\n\n\n\n<p>&nbsp;&nbsp;&nbsp;&nbsp; 7 \u00f3rakor szentmise \u00d3falun<\/p>\n\n\n\n<p>&nbsp;&nbsp;&nbsp; &nbsp;&nbsp;10 \u00f3r\u00e1t\u00f3l a <strong>Sz\u00e9pkor\u00faak \u00f6sszej\u00f6vetele<\/strong> lesz Sz\u00e9phalmon<\/p>\n\n\n\n<p><strong>Cs\u00fct\u00f6rt\u00f6k\u00f6n<\/strong>: az esti szentmise \u00e9s az \u00f3falui szents\u00e9gim\u00e1d\u00e1s ELMARAD!<\/p>\n\n\n\n<p><strong>P\u00e9nteken <\/strong>(Munk\u00e1s Szent J\u00f3zsef): a reggeli szentmise \u00e9s szents\u00e9gim\u00e1d\u00e1s ELMARAD! 18 \u00f3rakor szentmise Sz\u00e9phalmon, ut\u00e1na J\u00e9zus Sz\u00edve lit\u00e1nia \u00e9s szents\u00e9gim\u00e1d\u00e1s; ugyanezen a napon <strong>\u00c9desap\u00e1k, f\u00e9rfiak zar\u00e1ndoklata <\/strong>lesz,<strong> <\/strong>jelentkezni itt lehet: <em>zkaleta@hotmail.com telefon:06 20 9 313 711<\/em><\/p>\n\n\n\n<p><strong>Szombaton<\/strong>: 18 \u00f3rakor szentmise Sz\u00e9phalmon, el\u0151tte \u00bd 6-t\u00f3l k\u00f6z\u00f6s r\u00f3zsaf\u00fcz\u00e9r<\/p>\n\n\n\n<p>ugyanezen a napon lesz a <strong>Mindszenty-zar\u00e1ndoklat<\/strong>, az \u00fcnnepi szentmise \u00bd 11-kor kezd\u0151dik az Esztergomi Bazilik\u00e1ban;<\/p>\n\n\n\n<p><strong>Vas\u00e1rnap<\/strong> <em>(H\u00fasv\u00e9t 5. vas\u00e1rnapja<\/em>, Any\u00e1k napja<em>)<\/em>:<\/p>\n\n\n\n<p>9 \u00f3rakor szentmise Sz\u00e9phalmon,<\/p>\n\n\n\n<p>11 \u00f3rakor szentmise \u00d3falun, el\u0151tte \u00bd 11-t\u0151l k\u00f6z\u00f6s r\u00f3zsaf\u00fcz\u00e9r;<\/p>\n\n\n\n<p>18 \u00f3rakor szentmise \u00d3falun<\/p>\n\n\n\n<ul class=\"wp-block-list\">\n<li>M\u00e1jus 9-\u00e9n, szombaton \u00c9l\u0151 r\u00f3zsaf\u00fcz\u00e9r zar\u00e1ndoklat lesz, a szentmise 19 \u00f3rakor kezd\u0151dik a M\u00e1riaremetei Bazilik\u00e1ban. Ezen a napon az esti szentmise Sz\u00e9phalmon ELMARAD!<\/li>\n\n\n\n<li>M\u00e1jus 10-\u00e9n, vas\u00e1rnap a 9 \u00f3rai sz\u00e9phalmi szentmis\u00e9n lesz az <strong>els\u0151\u00e1ldoz\u00e1s<\/strong>.<\/li>\n\n\n\n<li>M\u00e1jus 16-\u00e1n, szombaton lesz Mazzarello Szt. M\u00e1ria \u00fcnnepe. R\u00e9szletek a plak\u00e1ton olvashat\u00f3k.<\/li>\n<\/ul>\n","protected":false},"excerpt":{"rendered":"<p>H\u00fasv\u00e9t 4. vas\u00e1rnapja, J\u00f3 P\u00e1sztor vas\u00e1rnapja &nbsp;&nbsp;&nbsp;&nbsp;&nbsp;&nbsp;&nbsp;&nbsp;&nbsp;&nbsp;&nbsp;&nbsp;&nbsp;&nbsp;&nbsp;&nbsp;&nbsp;&nbsp;&nbsp;&nbsp;&nbsp; Kedden: 18 \u00f3rakor szentmise Sz\u00e9phalmon &nbsp;&nbsp;&nbsp;&nbsp;&nbsp;&nbsp;&nbsp;&nbsp;&nbsp;&nbsp;&nbsp;&nbsp;&nbsp;&nbsp;&nbsp;&nbsp;&nbsp;&nbsp;&nbsp;&nbsp;&nbsp;&nbsp; Szerd\u00e1n (Sienai Szt. Katalin sz\u0171z \u00e9s egyh\u00e1ztan\u00edt\u00f3, [&hellip;]<\/p>\n","protected":false},"author":1,"featured_media":0,"comment_status":"closed","ping_status":"open","sticky":false,"template":"","format":"standard","meta":{"site-sidebar-layout":"default","site-content-layout":"","ast-site-content-layout":"default","site-content-style":"default","site-sidebar-style":"default","ast-global-header-display":"","ast-banner-title-visibility":"","ast-main-header-display":"","ast-hfb-above-header-display":"","ast-hfb-below-header-display":"","ast-hfb-mobile-header-display":"","site-post-title":"","ast-breadcrumbs-content":"","ast-featured-img":"","footer-sml-layout":"","ast-disable-related-posts":"","theme-transparent-header-meta":"","adv-header-id-meta":"","stick-header-meta":"","header-above-stick-meta":"","header-main-stick-meta":"","header-below-stick-meta":"","astra-migrate-meta-layouts":"default","ast-page-background-enabled":"default","ast-page-background-meta":{"desktop":{"background-color":"var(--ast-global-color-5)","background-image":"","background-repeat":"repeat","background-position":"center center","background-size":"auto","background-attachment":"scroll","background-type":"","background-media":"","overlay-type":"","overlay-color":"","overlay-opacity":"","overlay-gradient":""},"tablet":{"background-color":"","background-image":"","background-repeat":"repeat","background-position":"center center","background-size":"auto","background-attachment":"scroll","background-type":"","background-media":"","overlay-type":"","overlay-color":"","overlay-opacity":"","overlay-gradient":""},"mobile":{"background-color":"","background-image":"","background-repeat":"repeat","background-position":"center center","background-size":"auto","background-attachment":"scroll","background-type":"","background-media":"","overlay-type":"","overlay-color":"","overlay-opacity":"","overlay-gradient":""}},"ast-content-background-meta":{"desktop":{"background-color":"var(--ast-global-color-4)","background-image":"","background-repeat":"repeat","background-position":"center center","background-size":"auto","background-attachment":"scroll","background-type":"","background-media":"","overlay-type":"","overlay-color":"","overlay-opacity":"","overlay-gradient":""},"tablet":{"background-color":"var(--ast-global-color-4)","background-image":"","background-repeat":"repeat","background-position":"center center","background-size":"auto","background-attachment":"scroll","background-type":"","background-media":"","overlay-type":"","overlay-color":"","overlay-opacity":"","overlay-gradient":""},"mobile":{"background-color":"var(--ast-global-color-4)","background-image":"","background-repeat":"repeat","background-position":"center center","background-size":"auto","background-attachment":"scroll","background-type":"","background-media":"","overlay-type":"","overlay-color":"","overlay-opacity":"","overlay-gradient":""}},"footnotes":""},"categories":[4],"tags":[],"class_list":["post-238","post","type-post","status-publish","format-standard","hentry","category-templomi-hirdetmenyek"],"_links":{"self":[{"href":"https:\/\/szephalom.plebania.hu\/index.php\/wp-json\/wp\/v2\/posts\/238","targetHints":{"allow":["GET"]}}],"collection":[{"href":"https:\/\/szephalom.plebania.hu\/index.php\/wp-json\/wp\/v2\/posts"}],"about":[{"href":"https:\/\/szephalom.plebania.hu\/index.php\/wp-json\/wp\/v2\/types\/post"}],"author":[{"embeddable":true,"href":"https:\/\/szephalom.plebania.hu\/index.php\/wp-json\/wp\/v2\/users\/1"}],"replies":[{"embeddable":true,"href":"https:\/\/szephalom.plebania.hu\/index.php\/wp-json\/wp\/v2\/comments?post=238"}],"version-history":[{"count":1,"href":"https:\/\/szephalom.plebania.hu\/index.php\/wp-json\/wp\/v2\/posts\/238\/revisions"}],"predecessor-version":[{"id":239,"href":"https:\/\/szephalom.plebania.hu\/index.php\/wp-json\/wp\/v2\/posts\/238\/revisions\/239"}],"wp:attachment":[{"href":"https:\/\/szephalom.plebania.hu\/index.php\/wp-json\/wp\/v2\/media?parent=238"}],"wp:term":[{"taxonomy":"category","embeddable":true,"href":"https:\/\/szephalom.plebania.hu\/index.php\/wp-json\/wp\/v2\/categories?post=238"},{"taxonomy":"post_tag","embeddable":true,"href":"https:\/\/szephalom.plebania.hu\/index.php\/wp-json\/wp\/v2\/tags?post=238"}],"curies":[{"name":"wp","href":"https:\/\/api.w.org\/{rel}","templated":true}]}}