

{"id":279,"date":"2026-08-31T09:35:18","date_gmt":"2026-08-31T07:35:18","guid":{"rendered":"https:\/\/szephalom.plebania.hu\/?p=279"},"modified":"2026-08-31T09:35:18","modified_gmt":"2026-08-31T07:35:18","slug":"hirdetesek-2026-08-30","status":"publish","type":"post","link":"https:\/\/szephalom.plebania.hu\/index.php\/2026\/08\/31\/hirdetesek-2026-08-30\/","title":{"rendered":"Hirdet\u00e9sek, 2026. 08. 30."},"content":{"rendered":"\n<p> <strong>\u00c9vk\u00f6zi 22. vas\u00e1rnap<\/strong><\/p>\n\n\n\n<ul class=\"wp-block-list\">\n<li><strong>H\u00e9tf\u0151t\u0151l \u2013P\u00e9tekig a szentmis\u00e9k elmaradnak. K\u00f6sz\u00f6n\u00f6m a meg\u00e9rt\u00e9st.<\/strong><\/li>\n\n\n\n<li><strong>Szombaton: <\/strong>18 \u00f3rakor szentmise Sz\u00e9phalmon, <strong>el\u0151tte k\u00f6z\u00f6s r\u00f3zsaf\u00fcz\u00e9r \u00e9s gy\u00f3n\u00e1si lehet\u0151s\u00e9g<\/strong><\/li>\n\n\n\n<li><strong>Vas\u00e1rnap <\/strong>(<em>\u00c9vk\u00f6zi 23. vas\u00e1rnap<\/em>) <strong>\u00e1t\u00e1llunk az \u0151szi-t\u00e9li miserendre:<\/strong><\/li>\n<\/ul>\n\n\n\n<p><strong>9 \u00f3rakor szentmise Sz\u00e9phalmon,<\/strong><\/p>\n\n\n\n<p><strong>11 \u00f3rakor szentmise \u00d3falun, el\u0151tte \u00bd 10-t\u0151l k\u00f6z\u00f6s r\u00f3zsaf\u00fcz\u00e9r \u00e9s gy\u00f3n\u00e1si lehet\u0151s\u00e9g,<\/strong><\/p>\n\n\n\n<p><strong>18 \u00f3rakor szentmise \u00d3falun<\/strong><\/p>\n\n\n\n<ol class=\"wp-block-list\">\n<li>Szept. 6-\u00e1n \u00fcnnep\u00e9lyes <strong>Szentl\u00e9lek-h\u00edv\u00f3 tan\u00e9vnyit\u00f3 szentmise <\/strong>lesz 9 illetve 11 \u00f3rakor, melyek keret\u00e9ben t\u00f6rt\u00e9nik a gyerekek \u00e9s iskolat\u00e1sk\u00e1ik meg\u00e1ld\u00e1sa.<\/li>\n\n\n\n<li><strong>\u00c9desany\u00e1k imak\u00f6re<\/strong> \u2013 indulnak a tal\u00e1lkoz\u00f3k szerda reggelenk\u00e9nt \u00be 8-t\u00f3l Sz\u00e9phalmon \u00e9s \u00d3falun egyar\u00e1nt.<\/li>\n\n\n\n<li><strong>Sz\u00e9pkor\u00faak \u00f6sszej\u00f6vetele: <\/strong>az 1. alkalom szept. 10-\u00e9n 10 \u00f3r\u00e1t\u00f3l lesz Sz\u00e9phalmon.<\/li>\n\n\n\n<li><strong>A hitoktat\u00e1s <\/strong>szept. 14-t\u0151l kezd\u0151dik, az id\u0151pontok k\u00fcl\u00f6n hirdet\u00e9sben \u00e9rkeznek.<\/li>\n\n\n\n<li><strong>Barsi Bal\u00e1zs atya <\/strong>lelkigyakorlat\u00e1ra m\u00e9g lehet jelentkezni a sekresty\u00e9ben vagy a kik\u00fcld\u00f6tt t\u00e1bl\u00e1zat \u00fatj\u00e1n.<\/li>\n<\/ol>\n\n\n\n<p><strong>ISTEN \u00c9LTESSEN MINDENKIT, AKI EZEN A H\u00c9TEN \u00dcNNEPLI SZ\u00dcLET\u00c9SNAPJ\u00c1T, N\u00c9VNAPJ\u00c1T VAGY H\u00c1ZASS\u00c1GI \u00c9VFORDUL\u00d3J\u00c1T!<\/strong><\/p>\n","protected":false},"excerpt":{"rendered":"<p>\u00c9vk\u00f6zi 22. vas\u00e1rnap 9 \u00f3rakor szentmise Sz\u00e9phalmon, 11 \u00f3rakor szentmise \u00d3falun, el\u0151tte \u00bd 10-t\u0151l k\u00f6z\u00f6s r\u00f3zsaf\u00fcz\u00e9r \u00e9s gy\u00f3n\u00e1si lehet\u0151s\u00e9g, 18 \u00f3rakor szentmise \u00d3falun ISTEN \u00c9LTESSEN MINDENKIT, AKI EZEN A H\u00c9TEN \u00dcNNEPLI SZ\u00dcLET\u00c9SNAPJ\u00c1T, N\u00c9VNAPJ\u00c1T VAGY H\u00c1ZASS\u00c1GI \u00c9VFORDUL\u00d3J\u00c1T!<\/p>\n","protected":false},"author":1,"featured_media":0,"comment_status":"closed","ping_status":"open","sticky":false,"template":"","format":"standard","meta":{"footnotes":""},"categories":[4],"tags":[],"class_list":["post-279","post","type-post","status-publish","format-standard","hentry","category-templomi-hirdetmenyek"],"_links":{"self":[{"href":"https:\/\/szephalom.plebania.hu\/index.php\/wp-json\/wp\/v2\/posts\/279","targetHints":{"allow":["GET"]}}],"collection":[{"href":"https:\/\/szephalom.plebania.hu\/index.php\/wp-json\/wp\/v2\/posts"}],"about":[{"href":"https:\/\/szephalom.plebania.hu\/index.php\/wp-json\/wp\/v2\/types\/post"}],"author":[{"embeddable":true,"href":"https:\/\/szephalom.plebania.hu\/index.php\/wp-json\/wp\/v2\/users\/1"}],"replies":[{"embeddable":true,"href":"https:\/\/szephalom.plebania.hu\/index.php\/wp-json\/wp\/v2\/comments?post=279"}],"version-history":[{"count":1,"href":"https:\/\/szephalom.plebania.hu\/index.php\/wp-json\/wp\/v2\/posts\/279\/revisions"}],"predecessor-version":[{"id":280,"href":"https:\/\/szephalom.plebania.hu\/index.php\/wp-json\/wp\/v2\/posts\/279\/revisions\/280"}],"wp:attachment":[{"href":"https:\/\/szephalom.plebania.hu\/index.php\/wp-json\/wp\/v2\/media?parent=279"}],"wp:term":[{"taxonomy":"category","embeddable":true,"href":"https:\/\/szephalom.plebania.hu\/index.php\/wp-json\/wp\/v2\/categories?post=279"},{"taxonomy":"post_tag","embeddable":true,"href":"https:\/\/szephalom.plebania.hu\/index.php\/wp-json\/wp\/v2\/tags?post=279"}],"curies":[{"name":"wp","href":"https:\/\/api.w.org\/{rel}","templated":true}]}}